{"id":11867,"date":"2015-05-08T00:00:00","date_gmt":"2015-05-07T22:00:00","guid":{"rendered":"https:\/\/pv.plannertest.com\/principe-de-viana-in-the-media-may-2015\/"},"modified":"2015-05-08T00:00:00","modified_gmt":"2015-05-07T22:00:00","slug":"principe-de-viana-in-the-media-may-2015","status":"publish","type":"post","link":"https:\/\/www.principedeviana.com\/en\/principe-de-viana-in-the-media-may-2015\/","title":{"rendered":"Pr\u00edncipe de Viana in the media \/ May 2015"},"content":{"rendered":"[vc_row row_layout=&#8221;full&#8221; bg_image_position=&#8221;50% 0&#8243; row_spacing=&#8221; top-spacing bottom-spacing&#8221;][vc_column width=&#8221;1\/1&#8243;][vc_accordion][vc_accordion_tab title=&#8221;Prensa generalista&#8221;][vc_row_inner row_spacing=&#8221; bottom-spacing-min&#8221;][vc_column_inner width=&#8221;1\/2&#8243;][text]\n<h4>PR\u00cdNCIPE DE VIANA\u00a0EDICI\u00d3N LIMITADA<\/h4>\n<h5>ELLE\u00a0\u00a0\/ Mayo 2015<\/h5>\n<p>La conocida revista de estilo de vida\u00a0agradece la participaci\u00f3n de Pr\u00edncipe de\u00a0Viana Edici\u00f3n Limitada 2010 en sus Elle\u00a0Talks, ponencias y charlas sobre diversos\u00a0temas, con la colaboraci\u00f3n y asistencia de\u00a0personajes ilustres en distintos campos.[\/text][\/vc_column_inner][vc_column_inner width=&#8221;1\/2&#8243;][single_image image=&#8221;1957&#8243;][\/vc_column_inner][\/vc_row_inner][vc_row_inner row_spacing=&#8221; bottom-spacing-min&#8221;][vc_column_inner width=&#8221;1\/2&#8243;][single_image image=&#8221;1959&#8243; image_alignment=&#8221; txt-left&#8221;][\/vc_column_inner][vc_column_inner width=&#8221;1\/2&#8243;][text]\n<h4>PR\u00cdNCIPE DE VIANA EDICI\u00d3N\u00a0ROSA<\/h4>\n<h5>MIVINO &#8211; Mayo 2015<\/h5>\n<p>La reputada revista se hace eco del lanzamiento del\u00a0innovador Pr\u00edncipe de Viana Edici\u00f3n Rosa.[\/text][\/vc_column_inner][\/vc_row_inner][vc_row_inner row_spacing=&#8221; bottom-spacing-min&#8221;][vc_column_inner width=&#8221;1\/2&#8243;][text]\n<h4>PR\u00cdNCIPE DE VIANA\u00a0EDICI\u00d3N ROSA 2014<\/h4>\n<h5>GPS &#8211; EL CORREO \/ 1 Mayo<\/h5>\n<p>La popular gu\u00eda del ocio recomienda probar el nuevo Pr\u00edncipe de\u00a0Viana Edici\u00f3n Rosa 2014.[\/text][\/vc_column_inner][vc_column_inner width=&#8221;1\/2&#8243;][single_image image=&#8221;1960&#8243; image_alignment=&#8221; txt-left&#8221;][\/vc_column_inner][\/vc_row_inner][vc_row_inner row_spacing=&#8221; bottom-spacing-min&#8221;][vc_column_inner width=&#8221;1\/1&#8243;][single_image image=&#8221;1962&#8243; image_alignment=&#8221; txt-center&#8221;][text]\n<h4>PR\u00cdNCIPE DE VIANA ROSADO GARNACHA 2014<br \/>\nPR\u00cdNCIPE DE VIANA EDICI\u00d3N ROSA 2014<\/h4>\n<h5>MIVINO\u00a012 mayo<\/h5>\n<p>El peri\u00f3dico regional anuncia la campa\u00f1a de Bodegas Pr\u00edncipe de Viana en apoyo a Saray, Asociaci\u00f3n contra el C\u00e1ncer de Mama.[\/text][\/vc_column_inner][\/vc_row_inner][vc_row_inner row_spacing=&#8221; bottom-spacing-min&#8221;][vc_column_inner width=&#8221;1\/2&#8243;][text]\n<h4>PR\u00cdNCIPE DE VIANA\u00a0EDICI\u00d3N ROSA 2014<\/h4>\n<h5>EL DIARIO DE MALLORCA \/ 7 mayo<\/h5>\n<p>El mayor diario regional de las Baleares recomienda el nuevo\u00a0Pr\u00edncipe de Viana Edici\u00f3n Rosa 2014.[\/text][\/vc_column_inner][vc_column_inner width=&#8221;1\/2&#8243;][single_image image=&#8221;1964&#8243;][\/vc_column_inner][\/vc_row_inner][vc_row_inner row_spacing=&#8221; bottom-spacing-min&#8221;][vc_column_inner width=&#8221;1\/2&#8243;][single_image image=&#8221;1966&#8243;][\/vc_column_inner][vc_column_inner width=&#8221;1\/2&#8243;][text]\n<h4>PR\u00cdNCIPE DE VIANA\u00a0EDICI\u00d3N ROSA 2014<\/h4>\n<h5>El Pa\u00eds \/ 15 mayo<\/h5>\n<p>El mayor diario espa\u00f1ol escoge el nuevo Pr\u00edncipe de Viana\u00a0Edici\u00f3n Rosa 2014 para formar parte de una exclusiva selecci\u00f3n\u00a0de algunos de los mejores rosados de Espa\u00f1a.[\/text][\/vc_column_inner][\/vc_row_inner][vc_row_inner][vc_column_inner width=&#8221;1\/2&#8243;][text]\n<h4>PR\u00cdNCIPE DE VIANA\u00a0CHARDONNAY 2014<\/h4>\n<h5>CLUB DE GOURMETS \/ mayo 15<\/h5>\n<p>La prestigiosa revista gourmet elige el\u00a0Pr\u00edncipe de Viana Chardonnay 2014 como\u00a0uno de los vinos recomendados este mes.[\/text][\/vc_column_inner][vc_column_inner width=&#8221;1\/2&#8243;][single_image image=&#8221;1967&#8243;][\/vc_column_inner][\/vc_row_inner][vc_row_inner row_spacing=&#8221; bottom-spacing-min&#8221;][vc_column_inner width=&#8221;1\/2&#8243;][single_image image=&#8221;1968&#8243;][\/vc_column_inner][vc_column_inner width=&#8221;1\/2&#8243;][text]PR\u00cdNCIPE DE VIANA\u00a0EDICI\u00d3N ROSA 201<\/p>\n<h5>DIARIO SUR \/ 30 mayo<\/h5>\n<p>El mayor diario de la Costa del Sol\u00a0recomienda el nuevo Pr\u00edncipe de Viana\u00a0Edici\u00f3n Rosa 2014.<\/p>\n[\/text][\/vc_column_inner][\/vc_row_inner][\/vc_accordion_tab][vc_accordion_tab title=&#8221;Prensa online&#8221;][vc_row_inner row_spacing=&#8221; bottom-spacing-min&#8221;][vc_column_inner width=&#8221;1\/2&#8243;][single_image image=&#8221;1970&#8243;][\/vc_column_inner][vc_column_inner width=&#8221;1\/2&#8243;][text]\n<h4>PR\u00cdNCIPE DE VIANA<\/h4>\n<h5>www.vinosyrestaurantes.com \/\u00a07 mayo<\/h5>\n<p>La reputada revista especializada comenta la\u00a0colaboraci\u00f3n de Bodegas Pr\u00edncipe de Viana con\u00a0SARAY, asociaci\u00f3n navarra contra el c\u00e1ncer de\u00a0mama.[\/text][\/vc_column_inner][\/vc_row_inner][vc_row_inner row_spacing=&#8221; bottom-spacing-min&#8221;][vc_column_inner width=&#8221;1\/2&#8243;][text]\n<h4>PR\u00cdNCIPE DE VIANA EDICI\u00d3N ROSA<\/h4>\n<h5>www.mivino.com \/ mayo 2015<\/h5>\n<p>La versi\u00f3n digital de la prestigiosa revista del sector\u00a0del vino se hace eco del lanzamiento del nuevo e\u00a0innovador Pr\u00edncipe de Viana Edici\u00f3n Rosa.[\/text][\/vc_column_inner][vc_column_inner width=&#8221;1\/2&#8243;][single_image image=&#8221;1969&#8243;][\/vc_column_inner][\/vc_row_inner][\/vc_accordion_tab][\/vc_accordion][\/vc_column][\/vc_row]\n","protected":false},"excerpt":{"rendered":"<p>[vc_row row_layout=&#8221;full&#8221; bg_image_position=&#8221;50% 0&#8243; row_spacing=&#8221; top-spacing bottom-spacing&#8221;][vc_column width=&#8221;1\/1&#8243;][vc_accordion][vc_accordion_tab title=&#8221;Prensa generalista&#8221;][vc_row_inner row_spacing=&#8221; bottom-spacing-min&#8221;][vc_column_inner width=&#8221;1\/2&#8243;][text] PR\u00cdNCIPE DE VIANA\u00a0EDICI\u00d3N LIMITADA ELLE\u00a0\u00a0\/ Mayo 2015 La conocida revista de estilo de vida\u00a0agradece la participaci\u00f3n de&#8230;<\/p>\n","protected":false},"author":1,"featured_media":11062,"comment_status":"closed","ping_status":"closed","sticky":false,"template":"","format":"standard","meta":{"footnotes":""},"categories":[],"tags":[],"class_list":["post-11867","post","type-post","status-publish","format-standard","has-post-thumbnail"],"yoast_head":"<!-- This site is optimized with the Yoast SEO plugin v26.0 - https:\/\/yoast.com\/wordpress\/plugins\/seo\/ -->\n<title>Pr\u00edncipe de Viana in the media \/ May 2015 - Pr\u00edncipe de Viana<\/title>\n<meta name=\"robots\" content=\"index, follow, max-snippet:-1, max-image-preview:large, max-video-preview:-1\" \/>\n<link rel=\"canonical\" href=\"https:\/\/www.principedeviana.com\/en\/principe-de-viana-in-the-media-may-2015\/\" \/>\n<meta property=\"og:locale\" content=\"en_US\" \/>\n<meta property=\"og:type\" content=\"article\" \/>\n<meta property=\"og:title\" content=\"Pr\u00edncipe de Viana in the media \/ May 2015 - Pr\u00edncipe de Viana\" \/>\n<meta property=\"og:description\" content=\"[vc_row row_layout=&#8221;full&#8221; bg_image_position=&#8221;50% 0&#8243; row_spacing=&#8221; top-spacing bottom-spacing&#8221;][vc_column width=&#8221;1\/1&#8243;][vc_accordion][vc_accordion_tab title=&#8221;Prensa generalista&#8221;][vc_row_inner row_spacing=&#8221; bottom-spacing-min&#8221;][vc_column_inner width=&#8221;1\/2&#8243;][text] PR\u00cdNCIPE DE VIANA\u00a0EDICI\u00d3N LIMITADA ELLE\u00a0\u00a0\/ Mayo 2015 La conocida revista de estilo de vida\u00a0agradece la participaci\u00f3n de...\" \/>\n<meta property=\"og:url\" content=\"https:\/\/www.principedeviana.com\/en\/principe-de-viana-in-the-media-may-2015\/\" \/>\n<meta property=\"og:site_name\" content=\"Pr\u00edncipe de Viana\" \/>\n<meta property=\"article:published_time\" content=\"2015-05-07T22:00:00+00:00\" \/>\n<meta property=\"og:image\" content=\"https:\/\/www.principedeviana.com\/wp-content\/uploads\/2025\/06\/PV_medios-01.jpg\" \/>\n\t<meta property=\"og:image:width\" content=\"331\" \/>\n\t<meta property=\"og:image:height\" content=\"319\" \/>\n\t<meta property=\"og:image:type\" content=\"image\/jpeg\" \/>\n<meta name=\"author\" content=\"planner\" \/>\n<meta name=\"twitter:card\" content=\"summary_large_image\" \/>\n<meta name=\"twitter:label1\" content=\"Written by\" \/>\n\t<meta name=\"twitter:data1\" content=\"planner\" \/>\n\t<meta name=\"twitter:label2\" content=\"Est. reading time\" \/>\n\t<meta name=\"twitter:data2\" content=\"3 minutes\" \/>\n<script type=\"application\/ld+json\" class=\"yoast-schema-graph\">{\"@context\":\"https:\/\/schema.org\",\"@graph\":[{\"@type\":\"Article\",\"@id\":\"https:\/\/www.principedeviana.com\/en\/principe-de-viana-in-the-media-may-2015\/#article\",\"isPartOf\":{\"@id\":\"https:\/\/www.principedeviana.com\/en\/principe-de-viana-in-the-media-may-2015\/\"},\"author\":{\"name\":\"planner\",\"@id\":\"https:\/\/www.principedeviana.com\/en\/#\/schema\/person\/f123962bc835f802236687e5694dd7f7\"},\"headline\":\"Pr\u00edncipe de Viana in the media \/ May 2015\",\"datePublished\":\"2015-05-07T22:00:00+00:00\",\"mainEntityOfPage\":{\"@id\":\"https:\/\/www.principedeviana.com\/en\/principe-de-viana-in-the-media-may-2015\/\"},\"wordCount\":675,\"publisher\":{\"@id\":\"https:\/\/www.principedeviana.com\/en\/#organization\"},\"image\":{\"@id\":\"https:\/\/www.principedeviana.com\/en\/principe-de-viana-in-the-media-may-2015\/#primaryimage\"},\"thumbnailUrl\":\"https:\/\/www.principedeviana.com\/wp-content\/uploads\/2025\/06\/PV_medios-01.jpg\",\"inLanguage\":\"en-US\"},{\"@type\":\"WebPage\",\"@id\":\"https:\/\/www.principedeviana.com\/en\/principe-de-viana-in-the-media-may-2015\/\",\"url\":\"https:\/\/www.principedeviana.com\/en\/principe-de-viana-in-the-media-may-2015\/\",\"name\":\"Pr\u00edncipe de Viana in the media \/ May 2015 - Pr\u00edncipe de Viana\",\"isPartOf\":{\"@id\":\"https:\/\/www.principedeviana.com\/en\/#website\"},\"primaryImageOfPage\":{\"@id\":\"https:\/\/www.principedeviana.com\/en\/principe-de-viana-in-the-media-may-2015\/#primaryimage\"},\"image\":{\"@id\":\"https:\/\/www.principedeviana.com\/en\/principe-de-viana-in-the-media-may-2015\/#primaryimage\"},\"thumbnailUrl\":\"https:\/\/www.principedeviana.com\/wp-content\/uploads\/2025\/06\/PV_medios-01.jpg\",\"datePublished\":\"2015-05-07T22:00:00+00:00\",\"breadcrumb\":{\"@id\":\"https:\/\/www.principedeviana.com\/en\/principe-de-viana-in-the-media-may-2015\/#breadcrumb\"},\"inLanguage\":\"en-US\",\"potentialAction\":[{\"@type\":\"ReadAction\",\"target\":[\"https:\/\/www.principedeviana.com\/en\/principe-de-viana-in-the-media-may-2015\/\"]}]},{\"@type\":\"ImageObject\",\"inLanguage\":\"en-US\",\"@id\":\"https:\/\/www.principedeviana.com\/en\/principe-de-viana-in-the-media-may-2015\/#primaryimage\",\"url\":\"https:\/\/www.principedeviana.com\/wp-content\/uploads\/2025\/06\/PV_medios-01.jpg\",\"contentUrl\":\"https:\/\/www.principedeviana.com\/wp-content\/uploads\/2025\/06\/PV_medios-01.jpg\",\"width\":331,\"height\":319},{\"@type\":\"BreadcrumbList\",\"@id\":\"https:\/\/www.principedeviana.com\/en\/principe-de-viana-in-the-media-may-2015\/#breadcrumb\",\"itemListElement\":[{\"@type\":\"ListItem\",\"position\":1,\"name\":\"Portada\",\"item\":\"https:\/\/www.principedeviana.com\/en\/\"},{\"@type\":\"ListItem\",\"position\":2,\"name\":\"Pr\u00edncipe de Viana in the media \/ May 2015\"}]},{\"@type\":\"WebSite\",\"@id\":\"https:\/\/www.principedeviana.com\/en\/#website\",\"url\":\"https:\/\/www.principedeviana.com\/en\/\",\"name\":\"Pr\u00edncipe de Viana\",\"description\":\"\",\"publisher\":{\"@id\":\"https:\/\/www.principedeviana.com\/en\/#organization\"},\"potentialAction\":[{\"@type\":\"SearchAction\",\"target\":{\"@type\":\"EntryPoint\",\"urlTemplate\":\"https:\/\/www.principedeviana.com\/en\/?s={search_term_string}\"},\"query-input\":{\"@type\":\"PropertyValueSpecification\",\"valueRequired\":true,\"valueName\":\"search_term_string\"}}],\"inLanguage\":\"en-US\"},{\"@type\":\"Organization\",\"@id\":\"https:\/\/www.principedeviana.com\/en\/#organization\",\"name\":\"Pr\u00edncipe de Viana\",\"url\":\"https:\/\/www.principedeviana.com\/en\/\",\"logo\":{\"@type\":\"ImageObject\",\"inLanguage\":\"en-US\",\"@id\":\"https:\/\/www.principedeviana.com\/en\/#\/schema\/logo\/image\/\",\"url\":\"https:\/\/www.principedeviana.com\/wp-content\/uploads\/2025\/02\/principe-de-viana-color.png\",\"contentUrl\":\"https:\/\/www.principedeviana.com\/wp-content\/uploads\/2025\/02\/principe-de-viana-color.png\",\"width\":216,\"height\":85,\"caption\":\"Pr\u00edncipe de Viana\"},\"image\":{\"@id\":\"https:\/\/www.principedeviana.com\/en\/#\/schema\/logo\/image\/\"}},{\"@type\":\"Person\",\"@id\":\"https:\/\/www.principedeviana.com\/en\/#\/schema\/person\/f123962bc835f802236687e5694dd7f7\",\"name\":\"planner\",\"image\":{\"@type\":\"ImageObject\",\"inLanguage\":\"en-US\",\"@id\":\"https:\/\/www.principedeviana.com\/en\/#\/schema\/person\/image\/\",\"url\":\"https:\/\/secure.gravatar.com\/avatar\/5495a70f2dcf1ab071f76f117f9f4baef2b711d71030b1c6a29190cf4074827f?s=96&d=mm&r=g\",\"contentUrl\":\"https:\/\/secure.gravatar.com\/avatar\/5495a70f2dcf1ab071f76f117f9f4baef2b711d71030b1c6a29190cf4074827f?s=96&d=mm&r=g\",\"caption\":\"planner\"},\"sameAs\":[\"http:\/\/rv.plannertest.com\"]}]}<\/script>\n<!-- \/ Yoast SEO plugin. -->","yoast_head_json":{"title":"Pr\u00edncipe de Viana in the media \/ May 2015 - Pr\u00edncipe de Viana","robots":{"index":"index","follow":"follow","max-snippet":"max-snippet:-1","max-image-preview":"max-image-preview:large","max-video-preview":"max-video-preview:-1"},"canonical":"https:\/\/www.principedeviana.com\/en\/principe-de-viana-in-the-media-may-2015\/","og_locale":"en_US","og_type":"article","og_title":"Pr\u00edncipe de Viana in the media \/ May 2015 - Pr\u00edncipe de Viana","og_description":"[vc_row row_layout=&#8221;full&#8221; bg_image_position=&#8221;50% 0&#8243; row_spacing=&#8221; top-spacing bottom-spacing&#8221;][vc_column width=&#8221;1\/1&#8243;][vc_accordion][vc_accordion_tab title=&#8221;Prensa generalista&#8221;][vc_row_inner row_spacing=&#8221; bottom-spacing-min&#8221;][vc_column_inner width=&#8221;1\/2&#8243;][text] PR\u00cdNCIPE DE VIANA\u00a0EDICI\u00d3N LIMITADA ELLE\u00a0\u00a0\/ Mayo 2015 La conocida revista de estilo de vida\u00a0agradece la participaci\u00f3n de...","og_url":"https:\/\/www.principedeviana.com\/en\/principe-de-viana-in-the-media-may-2015\/","og_site_name":"Pr\u00edncipe de Viana","article_published_time":"2015-05-07T22:00:00+00:00","og_image":[{"width":331,"height":319,"url":"https:\/\/www.principedeviana.com\/wp-content\/uploads\/2025\/06\/PV_medios-01.jpg","type":"image\/jpeg"}],"author":"planner","twitter_card":"summary_large_image","twitter_misc":{"Written by":"planner","Est. reading time":"3 minutes"},"schema":{"@context":"https:\/\/schema.org","@graph":[{"@type":"Article","@id":"https:\/\/www.principedeviana.com\/en\/principe-de-viana-in-the-media-may-2015\/#article","isPartOf":{"@id":"https:\/\/www.principedeviana.com\/en\/principe-de-viana-in-the-media-may-2015\/"},"author":{"name":"planner","@id":"https:\/\/www.principedeviana.com\/en\/#\/schema\/person\/f123962bc835f802236687e5694dd7f7"},"headline":"Pr\u00edncipe de Viana in the media \/ May 2015","datePublished":"2015-05-07T22:00:00+00:00","mainEntityOfPage":{"@id":"https:\/\/www.principedeviana.com\/en\/principe-de-viana-in-the-media-may-2015\/"},"wordCount":675,"publisher":{"@id":"https:\/\/www.principedeviana.com\/en\/#organization"},"image":{"@id":"https:\/\/www.principedeviana.com\/en\/principe-de-viana-in-the-media-may-2015\/#primaryimage"},"thumbnailUrl":"https:\/\/www.principedeviana.com\/wp-content\/uploads\/2025\/06\/PV_medios-01.jpg","inLanguage":"en-US"},{"@type":"WebPage","@id":"https:\/\/www.principedeviana.com\/en\/principe-de-viana-in-the-media-may-2015\/","url":"https:\/\/www.principedeviana.com\/en\/principe-de-viana-in-the-media-may-2015\/","name":"Pr\u00edncipe de Viana in the media \/ May 2015 - Pr\u00edncipe de Viana","isPartOf":{"@id":"https:\/\/www.principedeviana.com\/en\/#website"},"primaryImageOfPage":{"@id":"https:\/\/www.principedeviana.com\/en\/principe-de-viana-in-the-media-may-2015\/#primaryimage"},"image":{"@id":"https:\/\/www.principedeviana.com\/en\/principe-de-viana-in-the-media-may-2015\/#primaryimage"},"thumbnailUrl":"https:\/\/www.principedeviana.com\/wp-content\/uploads\/2025\/06\/PV_medios-01.jpg","datePublished":"2015-05-07T22:00:00+00:00","breadcrumb":{"@id":"https:\/\/www.principedeviana.com\/en\/principe-de-viana-in-the-media-may-2015\/#breadcrumb"},"inLanguage":"en-US","potentialAction":[{"@type":"ReadAction","target":["https:\/\/www.principedeviana.com\/en\/principe-de-viana-in-the-media-may-2015\/"]}]},{"@type":"ImageObject","inLanguage":"en-US","@id":"https:\/\/www.principedeviana.com\/en\/principe-de-viana-in-the-media-may-2015\/#primaryimage","url":"https:\/\/www.principedeviana.com\/wp-content\/uploads\/2025\/06\/PV_medios-01.jpg","contentUrl":"https:\/\/www.principedeviana.com\/wp-content\/uploads\/2025\/06\/PV_medios-01.jpg","width":331,"height":319},{"@type":"BreadcrumbList","@id":"https:\/\/www.principedeviana.com\/en\/principe-de-viana-in-the-media-may-2015\/#breadcrumb","itemListElement":[{"@type":"ListItem","position":1,"name":"Portada","item":"https:\/\/www.principedeviana.com\/en\/"},{"@type":"ListItem","position":2,"name":"Pr\u00edncipe de Viana in the media \/ May 2015"}]},{"@type":"WebSite","@id":"https:\/\/www.principedeviana.com\/en\/#website","url":"https:\/\/www.principedeviana.com\/en\/","name":"Pr\u00edncipe de Viana","description":"","publisher":{"@id":"https:\/\/www.principedeviana.com\/en\/#organization"},"potentialAction":[{"@type":"SearchAction","target":{"@type":"EntryPoint","urlTemplate":"https:\/\/www.principedeviana.com\/en\/?s={search_term_string}"},"query-input":{"@type":"PropertyValueSpecification","valueRequired":true,"valueName":"search_term_string"}}],"inLanguage":"en-US"},{"@type":"Organization","@id":"https:\/\/www.principedeviana.com\/en\/#organization","name":"Pr\u00edncipe de Viana","url":"https:\/\/www.principedeviana.com\/en\/","logo":{"@type":"ImageObject","inLanguage":"en-US","@id":"https:\/\/www.principedeviana.com\/en\/#\/schema\/logo\/image\/","url":"https:\/\/www.principedeviana.com\/wp-content\/uploads\/2025\/02\/principe-de-viana-color.png","contentUrl":"https:\/\/www.principedeviana.com\/wp-content\/uploads\/2025\/02\/principe-de-viana-color.png","width":216,"height":85,"caption":"Pr\u00edncipe de Viana"},"image":{"@id":"https:\/\/www.principedeviana.com\/en\/#\/schema\/logo\/image\/"}},{"@type":"Person","@id":"https:\/\/www.principedeviana.com\/en\/#\/schema\/person\/f123962bc835f802236687e5694dd7f7","name":"planner","image":{"@type":"ImageObject","inLanguage":"en-US","@id":"https:\/\/www.principedeviana.com\/en\/#\/schema\/person\/image\/","url":"https:\/\/secure.gravatar.com\/avatar\/5495a70f2dcf1ab071f76f117f9f4baef2b711d71030b1c6a29190cf4074827f?s=96&d=mm&r=g","contentUrl":"https:\/\/secure.gravatar.com\/avatar\/5495a70f2dcf1ab071f76f117f9f4baef2b711d71030b1c6a29190cf4074827f?s=96&d=mm&r=g","caption":"planner"},"sameAs":["http:\/\/rv.plannertest.com"]}]}},"_links":{"self":[{"href":"https:\/\/www.principedeviana.com\/en\/wp-json\/wp\/v2\/posts\/11867","targetHints":{"allow":["GET"]}}],"collection":[{"href":"https:\/\/www.principedeviana.com\/en\/wp-json\/wp\/v2\/posts"}],"about":[{"href":"https:\/\/www.principedeviana.com\/en\/wp-json\/wp\/v2\/types\/post"}],"author":[{"embeddable":true,"href":"https:\/\/www.principedeviana.com\/en\/wp-json\/wp\/v2\/users\/1"}],"replies":[{"embeddable":true,"href":"https:\/\/www.principedeviana.com\/en\/wp-json\/wp\/v2\/comments?post=11867"}],"version-history":[{"count":0,"href":"https:\/\/www.principedeviana.com\/en\/wp-json\/wp\/v2\/posts\/11867\/revisions"}],"wp:featuredmedia":[{"embeddable":true,"href":"https:\/\/www.principedeviana.com\/en\/wp-json\/wp\/v2\/media\/11062"}],"wp:attachment":[{"href":"https:\/\/www.principedeviana.com\/en\/wp-json\/wp\/v2\/media?parent=11867"}],"wp:term":[{"taxonomy":"category","embeddable":true,"href":"https:\/\/www.principedeviana.com\/en\/wp-json\/wp\/v2\/categories?post=11867"},{"taxonomy":"post_tag","embeddable":true,"href":"https:\/\/www.principedeviana.com\/en\/wp-json\/wp\/v2\/tags?post=11867"}],"curies":[{"name":"wp","href":"https:\/\/api.w.org\/{rel}","templated":true}]}}