{"id":11945,"date":"2016-07-26T00:00:00","date_gmt":"2016-07-25T22:00:00","guid":{"rendered":"https:\/\/pv.plannertest.com\/principe-de-viana-vendimia-tardia-2013-92-points-decanter-world-wine-awards\/"},"modified":"2016-07-26T00:00:00","modified_gmt":"2016-07-25T22:00:00","slug":"principe-de-viana-vendimia-tardia-2013-92-points-decanter-world-wine-awards","status":"publish","type":"post","link":"https:\/\/www.principedeviana.com\/en\/principe-de-viana-vendimia-tardia-2013-92-points-decanter-world-wine-awards\/","title":{"rendered":"Pr\u00edncipe de Viana Vendimia Tard\u00eda 2013 92 points Decanter World Wine Awards"},"content":{"rendered":"[vc_row row_spacing=&#8221; no-spacing&#8221;][vc_column width=&#8221;1\/1&#8243;][text]July 2016. Pr\u00edncipe de Viana Vendimia Tard\u00eda 2013 has received 92\u00a0points from the international wine contest Decanter World Wine\u00a0Awards.<br \/>\nThis award recognises the superb quality of Pr\u00edncipe de Viana\u00a0Vendimia Tard\u00eda in the face of stiff competition from the thousands\u00a0of wines from every country and style submitted for the Decanter\u00a0World Wine Awards.<br \/>\nIts coupage of 100% Chardonnay grapes makes Pr\u00edncipe de Viana\u00a0Vendimia Tard\u00eda especially innovative, as it is not common for a\u00a0sweet wine to be made entirely of this white grape. The winemaking\u00a0is also different, having aged in oak barrels for 12 months. The\u00a0result is a fresh, lively and aromatic sweet wine with a complex\u00a0nose, unctuous and warm on the palate, with attractive flavours of\u00a0quince, orange peel, hazelnuts, walnuts and dried figs.<br \/>\nAMAVI\u2019s Women\u2019s Favourite Wine, the prestigious Women in the\u00a0World of Wine Association, Pr\u00edncipe de Viana Vendimia Tard\u00eda\u00a0has received many awards which, together with those granted to\u00a0all Pr\u00edncipe de Viana wines by international experts, magazines\u00a0and wine challenges, make this brand a benchmark for quality and\u00a0character.<\/p>\n<p><a href=\"http:\/\/www.principedeviana.com\/media\/Pr\u00edncipe-de-Viana-Vendimia-Tard\u00eda-2013_92-Points-Decanter-WWA_July-2016.pdf\" target=\"_blank\">Descargar<\/a>[\/text][\/vc_column][\/vc_row]\n","protected":false},"excerpt":{"rendered":"<p>[vc_row row_spacing=&#8221; no-spacing&#8221;][vc_column width=&#8221;1\/1&#8243;][text]July 2016. Pr\u00edncipe de Viana Vendimia Tard\u00eda 2013 has received 92\u00a0points from the international wine contest Decanter World Wine\u00a0Awards. This award recognises the superb quality of Pr\u00edncipe&#8230;<\/p>\n","protected":false},"author":1,"featured_media":11946,"comment_status":"closed","ping_status":"closed","sticky":false,"template":"","format":"standard","meta":{"footnotes":""},"categories":[],"tags":[],"class_list":["post-11945","post","type-post","status-publish","format-standard","has-post-thumbnail"],"yoast_head":"<!-- This site is optimized with the Yoast SEO plugin v26.0 - https:\/\/yoast.com\/wordpress\/plugins\/seo\/ -->\n<title>Pr\u00edncipe de Viana Vendimia Tard\u00eda 2013 92 points Decanter World Wine Awards - Pr\u00edncipe de Viana<\/title>\n<meta name=\"robots\" content=\"index, follow, max-snippet:-1, max-image-preview:large, max-video-preview:-1\" \/>\n<link rel=\"canonical\" href=\"https:\/\/www.principedeviana.com\/en\/principe-de-viana-vendimia-tardia-2013-92-points-decanter-world-wine-awards\/\" \/>\n<meta property=\"og:locale\" content=\"en_US\" \/>\n<meta property=\"og:type\" content=\"article\" \/>\n<meta property=\"og:title\" content=\"Pr\u00edncipe de Viana Vendimia Tard\u00eda 2013 92 points Decanter World Wine Awards - Pr\u00edncipe de Viana\" \/>\n<meta property=\"og:description\" content=\"[vc_row row_spacing=&#8221; no-spacing&#8221;][vc_column width=&#8221;1\/1&#8243;][text]July 2016. Pr\u00edncipe de Viana Vendimia Tard\u00eda 2013 has received 92\u00a0points from the international wine contest Decanter World Wine\u00a0Awards. This award recognises the superb quality of Pr\u00edncipe...\" \/>\n<meta property=\"og:url\" content=\"https:\/\/www.principedeviana.com\/en\/principe-de-viana-vendimia-tardia-2013-92-points-decanter-world-wine-awards\/\" \/>\n<meta property=\"og:site_name\" content=\"Pr\u00edncipe de Viana\" \/>\n<meta property=\"article:published_time\" content=\"2016-07-25T22:00:00+00:00\" \/>\n<meta property=\"og:image\" content=\"https:\/\/www.principedeviana.com\/wp-content\/uploads\/2025\/06\/VENDIMIA-1.png\" \/>\n\t<meta property=\"og:image:width\" content=\"800\" \/>\n\t<meta property=\"og:image:height\" content=\"800\" \/>\n\t<meta property=\"og:image:type\" content=\"image\/png\" \/>\n<meta name=\"author\" content=\"planner\" \/>\n<meta name=\"twitter:card\" content=\"summary_large_image\" \/>\n<meta name=\"twitter:label1\" content=\"Written by\" \/>\n\t<meta name=\"twitter:data1\" content=\"planner\" \/>\n\t<meta name=\"twitter:label2\" content=\"Est. reading time\" \/>\n\t<meta name=\"twitter:data2\" content=\"1 minute\" \/>\n<script type=\"application\/ld+json\" class=\"yoast-schema-graph\">{\"@context\":\"https:\/\/schema.org\",\"@graph\":[{\"@type\":\"Article\",\"@id\":\"https:\/\/www.principedeviana.com\/en\/principe-de-viana-vendimia-tardia-2013-92-points-decanter-world-wine-awards\/#article\",\"isPartOf\":{\"@id\":\"https:\/\/www.principedeviana.com\/en\/principe-de-viana-vendimia-tardia-2013-92-points-decanter-world-wine-awards\/\"},\"author\":{\"name\":\"planner\",\"@id\":\"https:\/\/www.principedeviana.com\/en\/#\/schema\/person\/f123962bc835f802236687e5694dd7f7\"},\"headline\":\"Pr\u00edncipe de Viana Vendimia Tard\u00eda 2013 92 points Decanter World Wine Awards\",\"datePublished\":\"2016-07-25T22:00:00+00:00\",\"mainEntityOfPage\":{\"@id\":\"https:\/\/www.principedeviana.com\/en\/principe-de-viana-vendimia-tardia-2013-92-points-decanter-world-wine-awards\/\"},\"wordCount\":214,\"publisher\":{\"@id\":\"https:\/\/www.principedeviana.com\/en\/#organization\"},\"image\":{\"@id\":\"https:\/\/www.principedeviana.com\/en\/principe-de-viana-vendimia-tardia-2013-92-points-decanter-world-wine-awards\/#primaryimage\"},\"thumbnailUrl\":\"https:\/\/www.principedeviana.com\/wp-content\/uploads\/2025\/06\/VENDIMIA-1.png\",\"inLanguage\":\"en-US\"},{\"@type\":\"WebPage\",\"@id\":\"https:\/\/www.principedeviana.com\/en\/principe-de-viana-vendimia-tardia-2013-92-points-decanter-world-wine-awards\/\",\"url\":\"https:\/\/www.principedeviana.com\/en\/principe-de-viana-vendimia-tardia-2013-92-points-decanter-world-wine-awards\/\",\"name\":\"Pr\u00edncipe de Viana Vendimia Tard\u00eda 2013 92 points Decanter World Wine Awards - Pr\u00edncipe de Viana\",\"isPartOf\":{\"@id\":\"https:\/\/www.principedeviana.com\/en\/#website\"},\"primaryImageOfPage\":{\"@id\":\"https:\/\/www.principedeviana.com\/en\/principe-de-viana-vendimia-tardia-2013-92-points-decanter-world-wine-awards\/#primaryimage\"},\"image\":{\"@id\":\"https:\/\/www.principedeviana.com\/en\/principe-de-viana-vendimia-tardia-2013-92-points-decanter-world-wine-awards\/#primaryimage\"},\"thumbnailUrl\":\"https:\/\/www.principedeviana.com\/wp-content\/uploads\/2025\/06\/VENDIMIA-1.png\",\"datePublished\":\"2016-07-25T22:00:00+00:00\",\"breadcrumb\":{\"@id\":\"https:\/\/www.principedeviana.com\/en\/principe-de-viana-vendimia-tardia-2013-92-points-decanter-world-wine-awards\/#breadcrumb\"},\"inLanguage\":\"en-US\",\"potentialAction\":[{\"@type\":\"ReadAction\",\"target\":[\"https:\/\/www.principedeviana.com\/en\/principe-de-viana-vendimia-tardia-2013-92-points-decanter-world-wine-awards\/\"]}]},{\"@type\":\"ImageObject\",\"inLanguage\":\"en-US\",\"@id\":\"https:\/\/www.principedeviana.com\/en\/principe-de-viana-vendimia-tardia-2013-92-points-decanter-world-wine-awards\/#primaryimage\",\"url\":\"https:\/\/www.principedeviana.com\/wp-content\/uploads\/2025\/06\/VENDIMIA-1.png\",\"contentUrl\":\"https:\/\/www.principedeviana.com\/wp-content\/uploads\/2025\/06\/VENDIMIA-1.png\",\"width\":800,\"height\":800},{\"@type\":\"BreadcrumbList\",\"@id\":\"https:\/\/www.principedeviana.com\/en\/principe-de-viana-vendimia-tardia-2013-92-points-decanter-world-wine-awards\/#breadcrumb\",\"itemListElement\":[{\"@type\":\"ListItem\",\"position\":1,\"name\":\"Portada\",\"item\":\"https:\/\/www.principedeviana.com\/en\/\"},{\"@type\":\"ListItem\",\"position\":2,\"name\":\"Pr\u00edncipe de Viana Vendimia Tard\u00eda 2013 92 points Decanter World Wine Awards\"}]},{\"@type\":\"WebSite\",\"@id\":\"https:\/\/www.principedeviana.com\/en\/#website\",\"url\":\"https:\/\/www.principedeviana.com\/en\/\",\"name\":\"Pr\u00edncipe de Viana\",\"description\":\"\",\"publisher\":{\"@id\":\"https:\/\/www.principedeviana.com\/en\/#organization\"},\"potentialAction\":[{\"@type\":\"SearchAction\",\"target\":{\"@type\":\"EntryPoint\",\"urlTemplate\":\"https:\/\/www.principedeviana.com\/en\/?s={search_term_string}\"},\"query-input\":{\"@type\":\"PropertyValueSpecification\",\"valueRequired\":true,\"valueName\":\"search_term_string\"}}],\"inLanguage\":\"en-US\"},{\"@type\":\"Organization\",\"@id\":\"https:\/\/www.principedeviana.com\/en\/#organization\",\"name\":\"Pr\u00edncipe de Viana\",\"url\":\"https:\/\/www.principedeviana.com\/en\/\",\"logo\":{\"@type\":\"ImageObject\",\"inLanguage\":\"en-US\",\"@id\":\"https:\/\/www.principedeviana.com\/en\/#\/schema\/logo\/image\/\",\"url\":\"https:\/\/www.principedeviana.com\/wp-content\/uploads\/2025\/02\/principe-de-viana-color.png\",\"contentUrl\":\"https:\/\/www.principedeviana.com\/wp-content\/uploads\/2025\/02\/principe-de-viana-color.png\",\"width\":216,\"height\":85,\"caption\":\"Pr\u00edncipe de Viana\"},\"image\":{\"@id\":\"https:\/\/www.principedeviana.com\/en\/#\/schema\/logo\/image\/\"}},{\"@type\":\"Person\",\"@id\":\"https:\/\/www.principedeviana.com\/en\/#\/schema\/person\/f123962bc835f802236687e5694dd7f7\",\"name\":\"planner\",\"image\":{\"@type\":\"ImageObject\",\"inLanguage\":\"en-US\",\"@id\":\"https:\/\/www.principedeviana.com\/en\/#\/schema\/person\/image\/\",\"url\":\"https:\/\/secure.gravatar.com\/avatar\/5495a70f2dcf1ab071f76f117f9f4baef2b711d71030b1c6a29190cf4074827f?s=96&d=mm&r=g\",\"contentUrl\":\"https:\/\/secure.gravatar.com\/avatar\/5495a70f2dcf1ab071f76f117f9f4baef2b711d71030b1c6a29190cf4074827f?s=96&d=mm&r=g\",\"caption\":\"planner\"},\"sameAs\":[\"http:\/\/rv.plannertest.com\"]}]}<\/script>\n<!-- \/ Yoast SEO plugin. -->","yoast_head_json":{"title":"Pr\u00edncipe de Viana Vendimia Tard\u00eda 2013 92 points Decanter World Wine Awards - Pr\u00edncipe de Viana","robots":{"index":"index","follow":"follow","max-snippet":"max-snippet:-1","max-image-preview":"max-image-preview:large","max-video-preview":"max-video-preview:-1"},"canonical":"https:\/\/www.principedeviana.com\/en\/principe-de-viana-vendimia-tardia-2013-92-points-decanter-world-wine-awards\/","og_locale":"en_US","og_type":"article","og_title":"Pr\u00edncipe de Viana Vendimia Tard\u00eda 2013 92 points Decanter World Wine Awards - Pr\u00edncipe de Viana","og_description":"[vc_row row_spacing=&#8221; no-spacing&#8221;][vc_column width=&#8221;1\/1&#8243;][text]July 2016. Pr\u00edncipe de Viana Vendimia Tard\u00eda 2013 has received 92\u00a0points from the international wine contest Decanter World Wine\u00a0Awards. This award recognises the superb quality of Pr\u00edncipe...","og_url":"https:\/\/www.principedeviana.com\/en\/principe-de-viana-vendimia-tardia-2013-92-points-decanter-world-wine-awards\/","og_site_name":"Pr\u00edncipe de Viana","article_published_time":"2016-07-25T22:00:00+00:00","og_image":[{"width":800,"height":800,"url":"https:\/\/www.principedeviana.com\/wp-content\/uploads\/2025\/06\/VENDIMIA-1.png","type":"image\/png"}],"author":"planner","twitter_card":"summary_large_image","twitter_misc":{"Written by":"planner","Est. reading time":"1 minute"},"schema":{"@context":"https:\/\/schema.org","@graph":[{"@type":"Article","@id":"https:\/\/www.principedeviana.com\/en\/principe-de-viana-vendimia-tardia-2013-92-points-decanter-world-wine-awards\/#article","isPartOf":{"@id":"https:\/\/www.principedeviana.com\/en\/principe-de-viana-vendimia-tardia-2013-92-points-decanter-world-wine-awards\/"},"author":{"name":"planner","@id":"https:\/\/www.principedeviana.com\/en\/#\/schema\/person\/f123962bc835f802236687e5694dd7f7"},"headline":"Pr\u00edncipe de Viana Vendimia Tard\u00eda 2013 92 points Decanter World Wine Awards","datePublished":"2016-07-25T22:00:00+00:00","mainEntityOfPage":{"@id":"https:\/\/www.principedeviana.com\/en\/principe-de-viana-vendimia-tardia-2013-92-points-decanter-world-wine-awards\/"},"wordCount":214,"publisher":{"@id":"https:\/\/www.principedeviana.com\/en\/#organization"},"image":{"@id":"https:\/\/www.principedeviana.com\/en\/principe-de-viana-vendimia-tardia-2013-92-points-decanter-world-wine-awards\/#primaryimage"},"thumbnailUrl":"https:\/\/www.principedeviana.com\/wp-content\/uploads\/2025\/06\/VENDIMIA-1.png","inLanguage":"en-US"},{"@type":"WebPage","@id":"https:\/\/www.principedeviana.com\/en\/principe-de-viana-vendimia-tardia-2013-92-points-decanter-world-wine-awards\/","url":"https:\/\/www.principedeviana.com\/en\/principe-de-viana-vendimia-tardia-2013-92-points-decanter-world-wine-awards\/","name":"Pr\u00edncipe de Viana Vendimia Tard\u00eda 2013 92 points Decanter World Wine Awards - Pr\u00edncipe de Viana","isPartOf":{"@id":"https:\/\/www.principedeviana.com\/en\/#website"},"primaryImageOfPage":{"@id":"https:\/\/www.principedeviana.com\/en\/principe-de-viana-vendimia-tardia-2013-92-points-decanter-world-wine-awards\/#primaryimage"},"image":{"@id":"https:\/\/www.principedeviana.com\/en\/principe-de-viana-vendimia-tardia-2013-92-points-decanter-world-wine-awards\/#primaryimage"},"thumbnailUrl":"https:\/\/www.principedeviana.com\/wp-content\/uploads\/2025\/06\/VENDIMIA-1.png","datePublished":"2016-07-25T22:00:00+00:00","breadcrumb":{"@id":"https:\/\/www.principedeviana.com\/en\/principe-de-viana-vendimia-tardia-2013-92-points-decanter-world-wine-awards\/#breadcrumb"},"inLanguage":"en-US","potentialAction":[{"@type":"ReadAction","target":["https:\/\/www.principedeviana.com\/en\/principe-de-viana-vendimia-tardia-2013-92-points-decanter-world-wine-awards\/"]}]},{"@type":"ImageObject","inLanguage":"en-US","@id":"https:\/\/www.principedeviana.com\/en\/principe-de-viana-vendimia-tardia-2013-92-points-decanter-world-wine-awards\/#primaryimage","url":"https:\/\/www.principedeviana.com\/wp-content\/uploads\/2025\/06\/VENDIMIA-1.png","contentUrl":"https:\/\/www.principedeviana.com\/wp-content\/uploads\/2025\/06\/VENDIMIA-1.png","width":800,"height":800},{"@type":"BreadcrumbList","@id":"https:\/\/www.principedeviana.com\/en\/principe-de-viana-vendimia-tardia-2013-92-points-decanter-world-wine-awards\/#breadcrumb","itemListElement":[{"@type":"ListItem","position":1,"name":"Portada","item":"https:\/\/www.principedeviana.com\/en\/"},{"@type":"ListItem","position":2,"name":"Pr\u00edncipe de Viana Vendimia Tard\u00eda 2013 92 points Decanter World Wine Awards"}]},{"@type":"WebSite","@id":"https:\/\/www.principedeviana.com\/en\/#website","url":"https:\/\/www.principedeviana.com\/en\/","name":"Pr\u00edncipe de Viana","description":"","publisher":{"@id":"https:\/\/www.principedeviana.com\/en\/#organization"},"potentialAction":[{"@type":"SearchAction","target":{"@type":"EntryPoint","urlTemplate":"https:\/\/www.principedeviana.com\/en\/?s={search_term_string}"},"query-input":{"@type":"PropertyValueSpecification","valueRequired":true,"valueName":"search_term_string"}}],"inLanguage":"en-US"},{"@type":"Organization","@id":"https:\/\/www.principedeviana.com\/en\/#organization","name":"Pr\u00edncipe de Viana","url":"https:\/\/www.principedeviana.com\/en\/","logo":{"@type":"ImageObject","inLanguage":"en-US","@id":"https:\/\/www.principedeviana.com\/en\/#\/schema\/logo\/image\/","url":"https:\/\/www.principedeviana.com\/wp-content\/uploads\/2025\/02\/principe-de-viana-color.png","contentUrl":"https:\/\/www.principedeviana.com\/wp-content\/uploads\/2025\/02\/principe-de-viana-color.png","width":216,"height":85,"caption":"Pr\u00edncipe de Viana"},"image":{"@id":"https:\/\/www.principedeviana.com\/en\/#\/schema\/logo\/image\/"}},{"@type":"Person","@id":"https:\/\/www.principedeviana.com\/en\/#\/schema\/person\/f123962bc835f802236687e5694dd7f7","name":"planner","image":{"@type":"ImageObject","inLanguage":"en-US","@id":"https:\/\/www.principedeviana.com\/en\/#\/schema\/person\/image\/","url":"https:\/\/secure.gravatar.com\/avatar\/5495a70f2dcf1ab071f76f117f9f4baef2b711d71030b1c6a29190cf4074827f?s=96&d=mm&r=g","contentUrl":"https:\/\/secure.gravatar.com\/avatar\/5495a70f2dcf1ab071f76f117f9f4baef2b711d71030b1c6a29190cf4074827f?s=96&d=mm&r=g","caption":"planner"},"sameAs":["http:\/\/rv.plannertest.com"]}]}},"_links":{"self":[{"href":"https:\/\/www.principedeviana.com\/en\/wp-json\/wp\/v2\/posts\/11945","targetHints":{"allow":["GET"]}}],"collection":[{"href":"https:\/\/www.principedeviana.com\/en\/wp-json\/wp\/v2\/posts"}],"about":[{"href":"https:\/\/www.principedeviana.com\/en\/wp-json\/wp\/v2\/types\/post"}],"author":[{"embeddable":true,"href":"https:\/\/www.principedeviana.com\/en\/wp-json\/wp\/v2\/users\/1"}],"replies":[{"embeddable":true,"href":"https:\/\/www.principedeviana.com\/en\/wp-json\/wp\/v2\/comments?post=11945"}],"version-history":[{"count":0,"href":"https:\/\/www.principedeviana.com\/en\/wp-json\/wp\/v2\/posts\/11945\/revisions"}],"wp:featuredmedia":[{"embeddable":true,"href":"https:\/\/www.principedeviana.com\/en\/wp-json\/wp\/v2\/media\/11946"}],"wp:attachment":[{"href":"https:\/\/www.principedeviana.com\/en\/wp-json\/wp\/v2\/media?parent=11945"}],"wp:term":[{"taxonomy":"category","embeddable":true,"href":"https:\/\/www.principedeviana.com\/en\/wp-json\/wp\/v2\/categories?post=11945"},{"taxonomy":"post_tag","embeddable":true,"href":"https:\/\/www.principedeviana.com\/en\/wp-json\/wp\/v2\/tags?post=11945"}],"curies":[{"name":"wp","href":"https:\/\/api.w.org\/{rel}","templated":true}]}}