{"id":11987,"date":"2017-03-02T00:00:00","date_gmt":"2017-03-01T23:00:00","guid":{"rendered":"https:\/\/pv.plannertest.com\/principe-de-viana-chardonnay-gold-medal-mundus-vini\/"},"modified":"2017-03-02T00:00:00","modified_gmt":"2017-03-01T23:00:00","slug":"principe-de-viana-chardonnay-gold-medal-mundus-vini","status":"publish","type":"post","link":"https:\/\/www.principedeviana.com\/en\/principe-de-viana-chardonnay-gold-medal-mundus-vini\/","title":{"rendered":"Pr\u00edncipe de Viana Chardonnay Gold Medal Mundus Vini"},"content":{"rendered":"[vc_row row_spacing=&#8221; no-spacing&#8221;][vc_column width=&#8221;1\/1&#8243;][text]\n<p style=\"text-align: justify;\">March 2017. Pr\u00edncipe de Viana Chardonnay Fermentado en Barrica 2016 has received a Gold Medal from international wine contest MUNDUS VINI.<\/p>\n<p style=\"text-align: justify;\">Intense aromas of citrus fruits such as lemon and lime, and subtle notes of tropical pineapple, are supported by hints of vanilla and baked bread. Sweet and fresh on the palate, this white wine has a very balanced acidity and a long aftertaste.<\/p>\n<p style=\"text-align: justify;\">This is just but one more of the many awards and accolades collected by this wine from the most prestigious international wine contests and experts over the past consecutive years.<\/p>\n<p style=\"text-align: justify;\">In addition to this barrel-fermented white wine, further references in the same range have also obtained excellent results at this edition of the Mundus Vini competition. Such is the case of the Pr\u00edncipe de Viana Edici\u00f3n Limitada 2013 which has received a GOLD MEDAL, or Pr\u00edncipe de Viana Reserva 2012 which has been granted a Silver Medal.<\/p>\n<p style=\"text-align: justify;\">Mundus Vini is an influential wine competition whose international jury is recognized by the Organisation Internationale de la Vigne et du Vin (OIV) and enjoys great prestige within the world of wine. The jury consists of winemakers, wine analysts, distributors, sommeliers, journalists and buyers and the most important international companies and enterprises.<\/p>\n<p>&nbsp;<\/p>\n<p><a href=\"http:\/\/www.principedeviana.com\/media\/Pr\u00edncipe-de-Viana-Chardonnay-2016_Gold-Medal-Mundus-Vini-2017_March-2017.pdf\" target=\"_blank\">Descargar<\/a>[\/text][\/vc_column][\/vc_row]\n","protected":false},"excerpt":{"rendered":"<p>[vc_row row_spacing=&#8221; no-spacing&#8221;][vc_column width=&#8221;1\/1&#8243;][text] March 2017. Pr\u00edncipe de Viana Chardonnay Fermentado en Barrica 2016 has received a Gold Medal from international wine contest MUNDUS VINI. Intense aromas of citrus fruits&#8230;<\/p>\n","protected":false},"author":1,"featured_media":11988,"comment_status":"closed","ping_status":"closed","sticky":false,"template":"","format":"standard","meta":{"footnotes":""},"categories":[],"tags":[],"class_list":["post-11987","post","type-post","status-publish","format-standard","has-post-thumbnail"],"yoast_head":"<!-- This site is optimized with the Yoast SEO plugin v26.0 - https:\/\/yoast.com\/wordpress\/plugins\/seo\/ -->\n<title>Pr\u00edncipe de Viana Chardonnay Gold Medal Mundus Vini - Pr\u00edncipe de Viana<\/title>\n<meta name=\"robots\" content=\"index, follow, max-snippet:-1, max-image-preview:large, max-video-preview:-1\" \/>\n<link rel=\"canonical\" href=\"https:\/\/www.principedeviana.com\/en\/principe-de-viana-chardonnay-gold-medal-mundus-vini\/\" \/>\n<meta property=\"og:locale\" content=\"en_US\" \/>\n<meta property=\"og:type\" content=\"article\" \/>\n<meta property=\"og:title\" content=\"Pr\u00edncipe de Viana Chardonnay Gold Medal Mundus Vini - Pr\u00edncipe de Viana\" \/>\n<meta property=\"og:description\" content=\"[vc_row row_spacing=&#8221; no-spacing&#8221;][vc_column width=&#8221;1\/1&#8243;][text] March 2017. Pr\u00edncipe de Viana Chardonnay Fermentado en Barrica 2016 has received a Gold Medal from international wine contest MUNDUS VINI. Intense aromas of citrus fruits...\" \/>\n<meta property=\"og:url\" content=\"https:\/\/www.principedeviana.com\/en\/principe-de-viana-chardonnay-gold-medal-mundus-vini\/\" \/>\n<meta property=\"og:site_name\" content=\"Pr\u00edncipe de Viana\" \/>\n<meta property=\"article:published_time\" content=\"2017-03-01T23:00:00+00:00\" \/>\n<meta property=\"og:image\" content=\"https:\/\/www.principedeviana.com\/wp-content\/uploads\/2025\/06\/PV-Chard-Oro-Mundus-Vini_ingles-web-1.png\" \/>\n\t<meta property=\"og:image:width\" content=\"800\" \/>\n\t<meta property=\"og:image:height\" content=\"800\" \/>\n\t<meta property=\"og:image:type\" content=\"image\/png\" \/>\n<meta name=\"author\" content=\"planner\" \/>\n<meta name=\"twitter:card\" content=\"summary_large_image\" \/>\n<meta name=\"twitter:label1\" content=\"Written by\" \/>\n\t<meta name=\"twitter:data1\" content=\"planner\" \/>\n\t<meta name=\"twitter:label2\" content=\"Est. reading time\" \/>\n\t<meta name=\"twitter:data2\" content=\"1 minute\" \/>\n<script type=\"application\/ld+json\" class=\"yoast-schema-graph\">{\"@context\":\"https:\/\/schema.org\",\"@graph\":[{\"@type\":\"Article\",\"@id\":\"https:\/\/www.principedeviana.com\/en\/principe-de-viana-chardonnay-gold-medal-mundus-vini\/#article\",\"isPartOf\":{\"@id\":\"https:\/\/www.principedeviana.com\/en\/principe-de-viana-chardonnay-gold-medal-mundus-vini\/\"},\"author\":{\"name\":\"planner\",\"@id\":\"https:\/\/www.principedeviana.com\/en\/#\/schema\/person\/f123962bc835f802236687e5694dd7f7\"},\"headline\":\"Pr\u00edncipe de Viana Chardonnay Gold Medal Mundus Vini\",\"datePublished\":\"2017-03-01T23:00:00+00:00\",\"mainEntityOfPage\":{\"@id\":\"https:\/\/www.principedeviana.com\/en\/principe-de-viana-chardonnay-gold-medal-mundus-vini\/\"},\"wordCount\":228,\"publisher\":{\"@id\":\"https:\/\/www.principedeviana.com\/en\/#organization\"},\"image\":{\"@id\":\"https:\/\/www.principedeviana.com\/en\/principe-de-viana-chardonnay-gold-medal-mundus-vini\/#primaryimage\"},\"thumbnailUrl\":\"https:\/\/www.principedeviana.com\/wp-content\/uploads\/2025\/06\/PV-Chard-Oro-Mundus-Vini_ingles-web-1.png\",\"inLanguage\":\"en-US\"},{\"@type\":\"WebPage\",\"@id\":\"https:\/\/www.principedeviana.com\/en\/principe-de-viana-chardonnay-gold-medal-mundus-vini\/\",\"url\":\"https:\/\/www.principedeviana.com\/en\/principe-de-viana-chardonnay-gold-medal-mundus-vini\/\",\"name\":\"Pr\u00edncipe de Viana Chardonnay Gold Medal Mundus Vini - Pr\u00edncipe de Viana\",\"isPartOf\":{\"@id\":\"https:\/\/www.principedeviana.com\/en\/#website\"},\"primaryImageOfPage\":{\"@id\":\"https:\/\/www.principedeviana.com\/en\/principe-de-viana-chardonnay-gold-medal-mundus-vini\/#primaryimage\"},\"image\":{\"@id\":\"https:\/\/www.principedeviana.com\/en\/principe-de-viana-chardonnay-gold-medal-mundus-vini\/#primaryimage\"},\"thumbnailUrl\":\"https:\/\/www.principedeviana.com\/wp-content\/uploads\/2025\/06\/PV-Chard-Oro-Mundus-Vini_ingles-web-1.png\",\"datePublished\":\"2017-03-01T23:00:00+00:00\",\"breadcrumb\":{\"@id\":\"https:\/\/www.principedeviana.com\/en\/principe-de-viana-chardonnay-gold-medal-mundus-vini\/#breadcrumb\"},\"inLanguage\":\"en-US\",\"potentialAction\":[{\"@type\":\"ReadAction\",\"target\":[\"https:\/\/www.principedeviana.com\/en\/principe-de-viana-chardonnay-gold-medal-mundus-vini\/\"]}]},{\"@type\":\"ImageObject\",\"inLanguage\":\"en-US\",\"@id\":\"https:\/\/www.principedeviana.com\/en\/principe-de-viana-chardonnay-gold-medal-mundus-vini\/#primaryimage\",\"url\":\"https:\/\/www.principedeviana.com\/wp-content\/uploads\/2025\/06\/PV-Chard-Oro-Mundus-Vini_ingles-web-1.png\",\"contentUrl\":\"https:\/\/www.principedeviana.com\/wp-content\/uploads\/2025\/06\/PV-Chard-Oro-Mundus-Vini_ingles-web-1.png\",\"width\":800,\"height\":800},{\"@type\":\"BreadcrumbList\",\"@id\":\"https:\/\/www.principedeviana.com\/en\/principe-de-viana-chardonnay-gold-medal-mundus-vini\/#breadcrumb\",\"itemListElement\":[{\"@type\":\"ListItem\",\"position\":1,\"name\":\"Portada\",\"item\":\"https:\/\/www.principedeviana.com\/en\/\"},{\"@type\":\"ListItem\",\"position\":2,\"name\":\"Pr\u00edncipe de Viana Chardonnay Gold Medal Mundus Vini\"}]},{\"@type\":\"WebSite\",\"@id\":\"https:\/\/www.principedeviana.com\/en\/#website\",\"url\":\"https:\/\/www.principedeviana.com\/en\/\",\"name\":\"Pr\u00edncipe de Viana\",\"description\":\"\",\"publisher\":{\"@id\":\"https:\/\/www.principedeviana.com\/en\/#organization\"},\"potentialAction\":[{\"@type\":\"SearchAction\",\"target\":{\"@type\":\"EntryPoint\",\"urlTemplate\":\"https:\/\/www.principedeviana.com\/en\/?s={search_term_string}\"},\"query-input\":{\"@type\":\"PropertyValueSpecification\",\"valueRequired\":true,\"valueName\":\"search_term_string\"}}],\"inLanguage\":\"en-US\"},{\"@type\":\"Organization\",\"@id\":\"https:\/\/www.principedeviana.com\/en\/#organization\",\"name\":\"Pr\u00edncipe de Viana\",\"url\":\"https:\/\/www.principedeviana.com\/en\/\",\"logo\":{\"@type\":\"ImageObject\",\"inLanguage\":\"en-US\",\"@id\":\"https:\/\/www.principedeviana.com\/en\/#\/schema\/logo\/image\/\",\"url\":\"https:\/\/www.principedeviana.com\/wp-content\/uploads\/2025\/02\/principe-de-viana-color.png\",\"contentUrl\":\"https:\/\/www.principedeviana.com\/wp-content\/uploads\/2025\/02\/principe-de-viana-color.png\",\"width\":216,\"height\":85,\"caption\":\"Pr\u00edncipe de Viana\"},\"image\":{\"@id\":\"https:\/\/www.principedeviana.com\/en\/#\/schema\/logo\/image\/\"}},{\"@type\":\"Person\",\"@id\":\"https:\/\/www.principedeviana.com\/en\/#\/schema\/person\/f123962bc835f802236687e5694dd7f7\",\"name\":\"planner\",\"image\":{\"@type\":\"ImageObject\",\"inLanguage\":\"en-US\",\"@id\":\"https:\/\/www.principedeviana.com\/en\/#\/schema\/person\/image\/\",\"url\":\"https:\/\/secure.gravatar.com\/avatar\/5495a70f2dcf1ab071f76f117f9f4baef2b711d71030b1c6a29190cf4074827f?s=96&d=mm&r=g\",\"contentUrl\":\"https:\/\/secure.gravatar.com\/avatar\/5495a70f2dcf1ab071f76f117f9f4baef2b711d71030b1c6a29190cf4074827f?s=96&d=mm&r=g\",\"caption\":\"planner\"},\"sameAs\":[\"http:\/\/rv.plannertest.com\"]}]}<\/script>\n<!-- \/ Yoast SEO plugin. -->","yoast_head_json":{"title":"Pr\u00edncipe de Viana Chardonnay Gold Medal Mundus Vini - Pr\u00edncipe de Viana","robots":{"index":"index","follow":"follow","max-snippet":"max-snippet:-1","max-image-preview":"max-image-preview:large","max-video-preview":"max-video-preview:-1"},"canonical":"https:\/\/www.principedeviana.com\/en\/principe-de-viana-chardonnay-gold-medal-mundus-vini\/","og_locale":"en_US","og_type":"article","og_title":"Pr\u00edncipe de Viana Chardonnay Gold Medal Mundus Vini - Pr\u00edncipe de Viana","og_description":"[vc_row row_spacing=&#8221; no-spacing&#8221;][vc_column width=&#8221;1\/1&#8243;][text] March 2017. Pr\u00edncipe de Viana Chardonnay Fermentado en Barrica 2016 has received a Gold Medal from international wine contest MUNDUS VINI. Intense aromas of citrus fruits...","og_url":"https:\/\/www.principedeviana.com\/en\/principe-de-viana-chardonnay-gold-medal-mundus-vini\/","og_site_name":"Pr\u00edncipe de Viana","article_published_time":"2017-03-01T23:00:00+00:00","og_image":[{"width":800,"height":800,"url":"https:\/\/www.principedeviana.com\/wp-content\/uploads\/2025\/06\/PV-Chard-Oro-Mundus-Vini_ingles-web-1.png","type":"image\/png"}],"author":"planner","twitter_card":"summary_large_image","twitter_misc":{"Written by":"planner","Est. reading time":"1 minute"},"schema":{"@context":"https:\/\/schema.org","@graph":[{"@type":"Article","@id":"https:\/\/www.principedeviana.com\/en\/principe-de-viana-chardonnay-gold-medal-mundus-vini\/#article","isPartOf":{"@id":"https:\/\/www.principedeviana.com\/en\/principe-de-viana-chardonnay-gold-medal-mundus-vini\/"},"author":{"name":"planner","@id":"https:\/\/www.principedeviana.com\/en\/#\/schema\/person\/f123962bc835f802236687e5694dd7f7"},"headline":"Pr\u00edncipe de Viana Chardonnay Gold Medal Mundus Vini","datePublished":"2017-03-01T23:00:00+00:00","mainEntityOfPage":{"@id":"https:\/\/www.principedeviana.com\/en\/principe-de-viana-chardonnay-gold-medal-mundus-vini\/"},"wordCount":228,"publisher":{"@id":"https:\/\/www.principedeviana.com\/en\/#organization"},"image":{"@id":"https:\/\/www.principedeviana.com\/en\/principe-de-viana-chardonnay-gold-medal-mundus-vini\/#primaryimage"},"thumbnailUrl":"https:\/\/www.principedeviana.com\/wp-content\/uploads\/2025\/06\/PV-Chard-Oro-Mundus-Vini_ingles-web-1.png","inLanguage":"en-US"},{"@type":"WebPage","@id":"https:\/\/www.principedeviana.com\/en\/principe-de-viana-chardonnay-gold-medal-mundus-vini\/","url":"https:\/\/www.principedeviana.com\/en\/principe-de-viana-chardonnay-gold-medal-mundus-vini\/","name":"Pr\u00edncipe de Viana Chardonnay Gold Medal Mundus Vini - Pr\u00edncipe de Viana","isPartOf":{"@id":"https:\/\/www.principedeviana.com\/en\/#website"},"primaryImageOfPage":{"@id":"https:\/\/www.principedeviana.com\/en\/principe-de-viana-chardonnay-gold-medal-mundus-vini\/#primaryimage"},"image":{"@id":"https:\/\/www.principedeviana.com\/en\/principe-de-viana-chardonnay-gold-medal-mundus-vini\/#primaryimage"},"thumbnailUrl":"https:\/\/www.principedeviana.com\/wp-content\/uploads\/2025\/06\/PV-Chard-Oro-Mundus-Vini_ingles-web-1.png","datePublished":"2017-03-01T23:00:00+00:00","breadcrumb":{"@id":"https:\/\/www.principedeviana.com\/en\/principe-de-viana-chardonnay-gold-medal-mundus-vini\/#breadcrumb"},"inLanguage":"en-US","potentialAction":[{"@type":"ReadAction","target":["https:\/\/www.principedeviana.com\/en\/principe-de-viana-chardonnay-gold-medal-mundus-vini\/"]}]},{"@type":"ImageObject","inLanguage":"en-US","@id":"https:\/\/www.principedeviana.com\/en\/principe-de-viana-chardonnay-gold-medal-mundus-vini\/#primaryimage","url":"https:\/\/www.principedeviana.com\/wp-content\/uploads\/2025\/06\/PV-Chard-Oro-Mundus-Vini_ingles-web-1.png","contentUrl":"https:\/\/www.principedeviana.com\/wp-content\/uploads\/2025\/06\/PV-Chard-Oro-Mundus-Vini_ingles-web-1.png","width":800,"height":800},{"@type":"BreadcrumbList","@id":"https:\/\/www.principedeviana.com\/en\/principe-de-viana-chardonnay-gold-medal-mundus-vini\/#breadcrumb","itemListElement":[{"@type":"ListItem","position":1,"name":"Portada","item":"https:\/\/www.principedeviana.com\/en\/"},{"@type":"ListItem","position":2,"name":"Pr\u00edncipe de Viana Chardonnay Gold Medal Mundus Vini"}]},{"@type":"WebSite","@id":"https:\/\/www.principedeviana.com\/en\/#website","url":"https:\/\/www.principedeviana.com\/en\/","name":"Pr\u00edncipe de Viana","description":"","publisher":{"@id":"https:\/\/www.principedeviana.com\/en\/#organization"},"potentialAction":[{"@type":"SearchAction","target":{"@type":"EntryPoint","urlTemplate":"https:\/\/www.principedeviana.com\/en\/?s={search_term_string}"},"query-input":{"@type":"PropertyValueSpecification","valueRequired":true,"valueName":"search_term_string"}}],"inLanguage":"en-US"},{"@type":"Organization","@id":"https:\/\/www.principedeviana.com\/en\/#organization","name":"Pr\u00edncipe de Viana","url":"https:\/\/www.principedeviana.com\/en\/","logo":{"@type":"ImageObject","inLanguage":"en-US","@id":"https:\/\/www.principedeviana.com\/en\/#\/schema\/logo\/image\/","url":"https:\/\/www.principedeviana.com\/wp-content\/uploads\/2025\/02\/principe-de-viana-color.png","contentUrl":"https:\/\/www.principedeviana.com\/wp-content\/uploads\/2025\/02\/principe-de-viana-color.png","width":216,"height":85,"caption":"Pr\u00edncipe de Viana"},"image":{"@id":"https:\/\/www.principedeviana.com\/en\/#\/schema\/logo\/image\/"}},{"@type":"Person","@id":"https:\/\/www.principedeviana.com\/en\/#\/schema\/person\/f123962bc835f802236687e5694dd7f7","name":"planner","image":{"@type":"ImageObject","inLanguage":"en-US","@id":"https:\/\/www.principedeviana.com\/en\/#\/schema\/person\/image\/","url":"https:\/\/secure.gravatar.com\/avatar\/5495a70f2dcf1ab071f76f117f9f4baef2b711d71030b1c6a29190cf4074827f?s=96&d=mm&r=g","contentUrl":"https:\/\/secure.gravatar.com\/avatar\/5495a70f2dcf1ab071f76f117f9f4baef2b711d71030b1c6a29190cf4074827f?s=96&d=mm&r=g","caption":"planner"},"sameAs":["http:\/\/rv.plannertest.com"]}]}},"_links":{"self":[{"href":"https:\/\/www.principedeviana.com\/en\/wp-json\/wp\/v2\/posts\/11987","targetHints":{"allow":["GET"]}}],"collection":[{"href":"https:\/\/www.principedeviana.com\/en\/wp-json\/wp\/v2\/posts"}],"about":[{"href":"https:\/\/www.principedeviana.com\/en\/wp-json\/wp\/v2\/types\/post"}],"author":[{"embeddable":true,"href":"https:\/\/www.principedeviana.com\/en\/wp-json\/wp\/v2\/users\/1"}],"replies":[{"embeddable":true,"href":"https:\/\/www.principedeviana.com\/en\/wp-json\/wp\/v2\/comments?post=11987"}],"version-history":[{"count":0,"href":"https:\/\/www.principedeviana.com\/en\/wp-json\/wp\/v2\/posts\/11987\/revisions"}],"wp:featuredmedia":[{"embeddable":true,"href":"https:\/\/www.principedeviana.com\/en\/wp-json\/wp\/v2\/media\/11988"}],"wp:attachment":[{"href":"https:\/\/www.principedeviana.com\/en\/wp-json\/wp\/v2\/media?parent=11987"}],"wp:term":[{"taxonomy":"category","embeddable":true,"href":"https:\/\/www.principedeviana.com\/en\/wp-json\/wp\/v2\/categories?post=11987"},{"taxonomy":"post_tag","embeddable":true,"href":"https:\/\/www.principedeviana.com\/en\/wp-json\/wp\/v2\/tags?post=11987"}],"curies":[{"name":"wp","href":"https:\/\/api.w.org\/{rel}","templated":true}]}}