{"id":12018,"date":"2017-09-12T00:00:00","date_gmt":"2017-09-11T22:00:00","guid":{"rendered":"https:\/\/pv.plannertest.com\/principe-de-viana-vendimia-tardia-2014-92-points-guia-penin\/"},"modified":"2017-09-12T00:00:00","modified_gmt":"2017-09-11T22:00:00","slug":"principe-de-viana-vendimia-tardia-2014-92-points-guia-penin","status":"publish","type":"post","link":"https:\/\/www.principedeviana.com\/en\/principe-de-viana-vendimia-tardia-2014-92-points-guia-penin\/","title":{"rendered":"Pr\u00edncipe de Viana Vendimia Tard\u00eda 2014, 92 points Gu\u00eda Pe\u00f1\u00edn"},"content":{"rendered":"[vc_row row_spacing=&#8221; no-spacing&#8221;][vc_column width=&#8221;1\/1&#8243;][text]\n<p style=\"text-align: justify;\">September 2017. Pr\u00edncipe de Viana Vendimia Tard\u00eda 2014 has received 92 points from influential Gu\u00eda Pe\u00f1\u00edn 2018.<\/p>\n<p style=\"text-align: justify;\">A selection of late harvest 100% Chardonnay grapes makes Pr\u00edncipe de Viana Vendimia Tard\u00eda a rare offering, as it is not common for a sweet wine to be made entirely of this white grape. The winemaking also adds complexity, having aged in oak barrels for 12 months.<\/p>\n<p style=\"text-align: justify;\">The result is a fresh, lively and aromatic sweet wine with a complex nose, unctuous and warm on the palate, with attractive flavours of quince, orange peel, hazelnuts, walnuts and dried figs.<\/p>\n<p style=\"text-align: justify;\">Pr\u00edncipe de Viana Vendimia Tard\u00eda has received uncountable awards over the past years. To name but a few examples, Challenge International du Vin granted Pr\u00edncipe de Viana\u2019s fresh sweet wine a Gold Medal, and 90 points were extended by the prestigious Decanter WWA. In addition, this wine was selected Spain\u2019s \u2018Women\u2019s favourite wine\u2019.<\/p>\n<p style=\"text-align: justify;\">These accolades, together with those collected by all Pr\u00edncipe de Viana wines from international experts, magazines and wine challenges, make this brand a benchmark for quality and character.<\/p>\n<p>&nbsp;<\/p>\n<p><a href=\"http:\/\/www.principedeviana.com\/media\/Pr\u00edncipe-de-Viana-Vendimia-Tard\u00eda-2014_Gu\u00eda-Pe\u00f1\u00edn_September-2017.pdf\" target=\"_blank\">Descargar<\/a>[\/text][\/vc_column][\/vc_row][vc_row][vc_column][\/vc_column][\/vc_row]\n","protected":false},"excerpt":{"rendered":"<p>[vc_row row_spacing=&#8221; no-spacing&#8221;][vc_column width=&#8221;1\/1&#8243;][text] September 2017. Pr\u00edncipe de Viana Vendimia Tard\u00eda 2014 has received 92 points from influential Gu\u00eda Pe\u00f1\u00edn 2018. A selection of late harvest 100% Chardonnay grapes makes&#8230;<\/p>\n","protected":false},"author":1,"featured_media":12019,"comment_status":"closed","ping_status":"closed","sticky":false,"template":"","format":"standard","meta":{"footnotes":""},"categories":[],"tags":[],"class_list":["post-12018","post","type-post","status-publish","format-standard","has-post-thumbnail"],"yoast_head":"<!-- This site is optimized with the Yoast SEO plugin v26.0 - https:\/\/yoast.com\/wordpress\/plugins\/seo\/ -->\n<title>Pr\u00edncipe de Viana Vendimia Tard\u00eda 2014, 92 points Gu\u00eda Pe\u00f1\u00edn - Pr\u00edncipe de Viana<\/title>\n<meta name=\"robots\" content=\"index, follow, max-snippet:-1, max-image-preview:large, max-video-preview:-1\" \/>\n<link rel=\"canonical\" href=\"https:\/\/www.principedeviana.com\/en\/principe-de-viana-vendimia-tardia-2014-92-points-guia-penin\/\" \/>\n<meta property=\"og:locale\" content=\"en_US\" \/>\n<meta property=\"og:type\" content=\"article\" \/>\n<meta property=\"og:title\" content=\"Pr\u00edncipe de Viana Vendimia Tard\u00eda 2014, 92 points Gu\u00eda Pe\u00f1\u00edn - Pr\u00edncipe de Viana\" \/>\n<meta property=\"og:description\" content=\"[vc_row row_spacing=&#8221; no-spacing&#8221;][vc_column width=&#8221;1\/1&#8243;][text] September 2017. Pr\u00edncipe de Viana Vendimia Tard\u00eda 2014 has received 92 points from influential Gu\u00eda Pe\u00f1\u00edn 2018. A selection of late harvest 100% Chardonnay grapes makes...\" \/>\n<meta property=\"og:url\" content=\"https:\/\/www.principedeviana.com\/en\/principe-de-viana-vendimia-tardia-2014-92-points-guia-penin\/\" \/>\n<meta property=\"og:site_name\" content=\"Pr\u00edncipe de Viana\" \/>\n<meta property=\"article:published_time\" content=\"2017-09-11T22:00:00+00:00\" \/>\n<meta property=\"og:image\" content=\"https:\/\/www.principedeviana.com\/wp-content\/uploads\/2025\/06\/PV-VT-92-POINTS-PENIN-2017.jpg\" \/>\n\t<meta property=\"og:image:width\" content=\"800\" \/>\n\t<meta property=\"og:image:height\" content=\"800\" \/>\n\t<meta property=\"og:image:type\" content=\"image\/jpeg\" \/>\n<meta name=\"author\" content=\"planner\" \/>\n<meta name=\"twitter:card\" content=\"summary_large_image\" \/>\n<meta name=\"twitter:label1\" content=\"Written by\" \/>\n\t<meta name=\"twitter:data1\" content=\"planner\" \/>\n\t<meta name=\"twitter:label2\" content=\"Est. reading time\" \/>\n\t<meta name=\"twitter:data2\" content=\"1 minute\" \/>\n<script type=\"application\/ld+json\" class=\"yoast-schema-graph\">{\"@context\":\"https:\/\/schema.org\",\"@graph\":[{\"@type\":\"Article\",\"@id\":\"https:\/\/www.principedeviana.com\/en\/principe-de-viana-vendimia-tardia-2014-92-points-guia-penin\/#article\",\"isPartOf\":{\"@id\":\"https:\/\/www.principedeviana.com\/en\/principe-de-viana-vendimia-tardia-2014-92-points-guia-penin\/\"},\"author\":{\"name\":\"planner\",\"@id\":\"https:\/\/www.principedeviana.com\/en\/#\/schema\/person\/f123962bc835f802236687e5694dd7f7\"},\"headline\":\"Pr\u00edncipe de Viana Vendimia Tard\u00eda 2014, 92 points Gu\u00eda Pe\u00f1\u00edn\",\"datePublished\":\"2017-09-11T22:00:00+00:00\",\"mainEntityOfPage\":{\"@id\":\"https:\/\/www.principedeviana.com\/en\/principe-de-viana-vendimia-tardia-2014-92-points-guia-penin\/\"},\"wordCount\":219,\"publisher\":{\"@id\":\"https:\/\/www.principedeviana.com\/en\/#organization\"},\"image\":{\"@id\":\"https:\/\/www.principedeviana.com\/en\/principe-de-viana-vendimia-tardia-2014-92-points-guia-penin\/#primaryimage\"},\"thumbnailUrl\":\"https:\/\/www.principedeviana.com\/wp-content\/uploads\/2025\/06\/PV-VT-92-POINTS-PENIN-2017.jpg\",\"inLanguage\":\"en-US\"},{\"@type\":\"WebPage\",\"@id\":\"https:\/\/www.principedeviana.com\/en\/principe-de-viana-vendimia-tardia-2014-92-points-guia-penin\/\",\"url\":\"https:\/\/www.principedeviana.com\/en\/principe-de-viana-vendimia-tardia-2014-92-points-guia-penin\/\",\"name\":\"Pr\u00edncipe de Viana Vendimia Tard\u00eda 2014, 92 points Gu\u00eda Pe\u00f1\u00edn - Pr\u00edncipe de Viana\",\"isPartOf\":{\"@id\":\"https:\/\/www.principedeviana.com\/en\/#website\"},\"primaryImageOfPage\":{\"@id\":\"https:\/\/www.principedeviana.com\/en\/principe-de-viana-vendimia-tardia-2014-92-points-guia-penin\/#primaryimage\"},\"image\":{\"@id\":\"https:\/\/www.principedeviana.com\/en\/principe-de-viana-vendimia-tardia-2014-92-points-guia-penin\/#primaryimage\"},\"thumbnailUrl\":\"https:\/\/www.principedeviana.com\/wp-content\/uploads\/2025\/06\/PV-VT-92-POINTS-PENIN-2017.jpg\",\"datePublished\":\"2017-09-11T22:00:00+00:00\",\"breadcrumb\":{\"@id\":\"https:\/\/www.principedeviana.com\/en\/principe-de-viana-vendimia-tardia-2014-92-points-guia-penin\/#breadcrumb\"},\"inLanguage\":\"en-US\",\"potentialAction\":[{\"@type\":\"ReadAction\",\"target\":[\"https:\/\/www.principedeviana.com\/en\/principe-de-viana-vendimia-tardia-2014-92-points-guia-penin\/\"]}]},{\"@type\":\"ImageObject\",\"inLanguage\":\"en-US\",\"@id\":\"https:\/\/www.principedeviana.com\/en\/principe-de-viana-vendimia-tardia-2014-92-points-guia-penin\/#primaryimage\",\"url\":\"https:\/\/www.principedeviana.com\/wp-content\/uploads\/2025\/06\/PV-VT-92-POINTS-PENIN-2017.jpg\",\"contentUrl\":\"https:\/\/www.principedeviana.com\/wp-content\/uploads\/2025\/06\/PV-VT-92-POINTS-PENIN-2017.jpg\",\"width\":800,\"height\":800},{\"@type\":\"BreadcrumbList\",\"@id\":\"https:\/\/www.principedeviana.com\/en\/principe-de-viana-vendimia-tardia-2014-92-points-guia-penin\/#breadcrumb\",\"itemListElement\":[{\"@type\":\"ListItem\",\"position\":1,\"name\":\"Portada\",\"item\":\"https:\/\/www.principedeviana.com\/en\/\"},{\"@type\":\"ListItem\",\"position\":2,\"name\":\"Pr\u00edncipe de Viana Vendimia Tard\u00eda 2014, 92 points Gu\u00eda Pe\u00f1\u00edn\"}]},{\"@type\":\"WebSite\",\"@id\":\"https:\/\/www.principedeviana.com\/en\/#website\",\"url\":\"https:\/\/www.principedeviana.com\/en\/\",\"name\":\"Pr\u00edncipe de Viana\",\"description\":\"\",\"publisher\":{\"@id\":\"https:\/\/www.principedeviana.com\/en\/#organization\"},\"potentialAction\":[{\"@type\":\"SearchAction\",\"target\":{\"@type\":\"EntryPoint\",\"urlTemplate\":\"https:\/\/www.principedeviana.com\/en\/?s={search_term_string}\"},\"query-input\":{\"@type\":\"PropertyValueSpecification\",\"valueRequired\":true,\"valueName\":\"search_term_string\"}}],\"inLanguage\":\"en-US\"},{\"@type\":\"Organization\",\"@id\":\"https:\/\/www.principedeviana.com\/en\/#organization\",\"name\":\"Pr\u00edncipe de Viana\",\"url\":\"https:\/\/www.principedeviana.com\/en\/\",\"logo\":{\"@type\":\"ImageObject\",\"inLanguage\":\"en-US\",\"@id\":\"https:\/\/www.principedeviana.com\/en\/#\/schema\/logo\/image\/\",\"url\":\"https:\/\/www.principedeviana.com\/wp-content\/uploads\/2025\/02\/principe-de-viana-color.png\",\"contentUrl\":\"https:\/\/www.principedeviana.com\/wp-content\/uploads\/2025\/02\/principe-de-viana-color.png\",\"width\":216,\"height\":85,\"caption\":\"Pr\u00edncipe de Viana\"},\"image\":{\"@id\":\"https:\/\/www.principedeviana.com\/en\/#\/schema\/logo\/image\/\"}},{\"@type\":\"Person\",\"@id\":\"https:\/\/www.principedeviana.com\/en\/#\/schema\/person\/f123962bc835f802236687e5694dd7f7\",\"name\":\"planner\",\"image\":{\"@type\":\"ImageObject\",\"inLanguage\":\"en-US\",\"@id\":\"https:\/\/www.principedeviana.com\/en\/#\/schema\/person\/image\/\",\"url\":\"https:\/\/secure.gravatar.com\/avatar\/5495a70f2dcf1ab071f76f117f9f4baef2b711d71030b1c6a29190cf4074827f?s=96&d=mm&r=g\",\"contentUrl\":\"https:\/\/secure.gravatar.com\/avatar\/5495a70f2dcf1ab071f76f117f9f4baef2b711d71030b1c6a29190cf4074827f?s=96&d=mm&r=g\",\"caption\":\"planner\"},\"sameAs\":[\"http:\/\/rv.plannertest.com\"]}]}<\/script>\n<!-- \/ Yoast SEO plugin. -->","yoast_head_json":{"title":"Pr\u00edncipe de Viana Vendimia Tard\u00eda 2014, 92 points Gu\u00eda Pe\u00f1\u00edn - Pr\u00edncipe de Viana","robots":{"index":"index","follow":"follow","max-snippet":"max-snippet:-1","max-image-preview":"max-image-preview:large","max-video-preview":"max-video-preview:-1"},"canonical":"https:\/\/www.principedeviana.com\/en\/principe-de-viana-vendimia-tardia-2014-92-points-guia-penin\/","og_locale":"en_US","og_type":"article","og_title":"Pr\u00edncipe de Viana Vendimia Tard\u00eda 2014, 92 points Gu\u00eda Pe\u00f1\u00edn - Pr\u00edncipe de Viana","og_description":"[vc_row row_spacing=&#8221; no-spacing&#8221;][vc_column width=&#8221;1\/1&#8243;][text] September 2017. Pr\u00edncipe de Viana Vendimia Tard\u00eda 2014 has received 92 points from influential Gu\u00eda Pe\u00f1\u00edn 2018. A selection of late harvest 100% Chardonnay grapes makes...","og_url":"https:\/\/www.principedeviana.com\/en\/principe-de-viana-vendimia-tardia-2014-92-points-guia-penin\/","og_site_name":"Pr\u00edncipe de Viana","article_published_time":"2017-09-11T22:00:00+00:00","og_image":[{"width":800,"height":800,"url":"https:\/\/www.principedeviana.com\/wp-content\/uploads\/2025\/06\/PV-VT-92-POINTS-PENIN-2017.jpg","type":"image\/jpeg"}],"author":"planner","twitter_card":"summary_large_image","twitter_misc":{"Written by":"planner","Est. reading time":"1 minute"},"schema":{"@context":"https:\/\/schema.org","@graph":[{"@type":"Article","@id":"https:\/\/www.principedeviana.com\/en\/principe-de-viana-vendimia-tardia-2014-92-points-guia-penin\/#article","isPartOf":{"@id":"https:\/\/www.principedeviana.com\/en\/principe-de-viana-vendimia-tardia-2014-92-points-guia-penin\/"},"author":{"name":"planner","@id":"https:\/\/www.principedeviana.com\/en\/#\/schema\/person\/f123962bc835f802236687e5694dd7f7"},"headline":"Pr\u00edncipe de Viana Vendimia Tard\u00eda 2014, 92 points Gu\u00eda Pe\u00f1\u00edn","datePublished":"2017-09-11T22:00:00+00:00","mainEntityOfPage":{"@id":"https:\/\/www.principedeviana.com\/en\/principe-de-viana-vendimia-tardia-2014-92-points-guia-penin\/"},"wordCount":219,"publisher":{"@id":"https:\/\/www.principedeviana.com\/en\/#organization"},"image":{"@id":"https:\/\/www.principedeviana.com\/en\/principe-de-viana-vendimia-tardia-2014-92-points-guia-penin\/#primaryimage"},"thumbnailUrl":"https:\/\/www.principedeviana.com\/wp-content\/uploads\/2025\/06\/PV-VT-92-POINTS-PENIN-2017.jpg","inLanguage":"en-US"},{"@type":"WebPage","@id":"https:\/\/www.principedeviana.com\/en\/principe-de-viana-vendimia-tardia-2014-92-points-guia-penin\/","url":"https:\/\/www.principedeviana.com\/en\/principe-de-viana-vendimia-tardia-2014-92-points-guia-penin\/","name":"Pr\u00edncipe de Viana Vendimia Tard\u00eda 2014, 92 points Gu\u00eda Pe\u00f1\u00edn - Pr\u00edncipe de Viana","isPartOf":{"@id":"https:\/\/www.principedeviana.com\/en\/#website"},"primaryImageOfPage":{"@id":"https:\/\/www.principedeviana.com\/en\/principe-de-viana-vendimia-tardia-2014-92-points-guia-penin\/#primaryimage"},"image":{"@id":"https:\/\/www.principedeviana.com\/en\/principe-de-viana-vendimia-tardia-2014-92-points-guia-penin\/#primaryimage"},"thumbnailUrl":"https:\/\/www.principedeviana.com\/wp-content\/uploads\/2025\/06\/PV-VT-92-POINTS-PENIN-2017.jpg","datePublished":"2017-09-11T22:00:00+00:00","breadcrumb":{"@id":"https:\/\/www.principedeviana.com\/en\/principe-de-viana-vendimia-tardia-2014-92-points-guia-penin\/#breadcrumb"},"inLanguage":"en-US","potentialAction":[{"@type":"ReadAction","target":["https:\/\/www.principedeviana.com\/en\/principe-de-viana-vendimia-tardia-2014-92-points-guia-penin\/"]}]},{"@type":"ImageObject","inLanguage":"en-US","@id":"https:\/\/www.principedeviana.com\/en\/principe-de-viana-vendimia-tardia-2014-92-points-guia-penin\/#primaryimage","url":"https:\/\/www.principedeviana.com\/wp-content\/uploads\/2025\/06\/PV-VT-92-POINTS-PENIN-2017.jpg","contentUrl":"https:\/\/www.principedeviana.com\/wp-content\/uploads\/2025\/06\/PV-VT-92-POINTS-PENIN-2017.jpg","width":800,"height":800},{"@type":"BreadcrumbList","@id":"https:\/\/www.principedeviana.com\/en\/principe-de-viana-vendimia-tardia-2014-92-points-guia-penin\/#breadcrumb","itemListElement":[{"@type":"ListItem","position":1,"name":"Portada","item":"https:\/\/www.principedeviana.com\/en\/"},{"@type":"ListItem","position":2,"name":"Pr\u00edncipe de Viana Vendimia Tard\u00eda 2014, 92 points Gu\u00eda Pe\u00f1\u00edn"}]},{"@type":"WebSite","@id":"https:\/\/www.principedeviana.com\/en\/#website","url":"https:\/\/www.principedeviana.com\/en\/","name":"Pr\u00edncipe de Viana","description":"","publisher":{"@id":"https:\/\/www.principedeviana.com\/en\/#organization"},"potentialAction":[{"@type":"SearchAction","target":{"@type":"EntryPoint","urlTemplate":"https:\/\/www.principedeviana.com\/en\/?s={search_term_string}"},"query-input":{"@type":"PropertyValueSpecification","valueRequired":true,"valueName":"search_term_string"}}],"inLanguage":"en-US"},{"@type":"Organization","@id":"https:\/\/www.principedeviana.com\/en\/#organization","name":"Pr\u00edncipe de Viana","url":"https:\/\/www.principedeviana.com\/en\/","logo":{"@type":"ImageObject","inLanguage":"en-US","@id":"https:\/\/www.principedeviana.com\/en\/#\/schema\/logo\/image\/","url":"https:\/\/www.principedeviana.com\/wp-content\/uploads\/2025\/02\/principe-de-viana-color.png","contentUrl":"https:\/\/www.principedeviana.com\/wp-content\/uploads\/2025\/02\/principe-de-viana-color.png","width":216,"height":85,"caption":"Pr\u00edncipe de Viana"},"image":{"@id":"https:\/\/www.principedeviana.com\/en\/#\/schema\/logo\/image\/"}},{"@type":"Person","@id":"https:\/\/www.principedeviana.com\/en\/#\/schema\/person\/f123962bc835f802236687e5694dd7f7","name":"planner","image":{"@type":"ImageObject","inLanguage":"en-US","@id":"https:\/\/www.principedeviana.com\/en\/#\/schema\/person\/image\/","url":"https:\/\/secure.gravatar.com\/avatar\/5495a70f2dcf1ab071f76f117f9f4baef2b711d71030b1c6a29190cf4074827f?s=96&d=mm&r=g","contentUrl":"https:\/\/secure.gravatar.com\/avatar\/5495a70f2dcf1ab071f76f117f9f4baef2b711d71030b1c6a29190cf4074827f?s=96&d=mm&r=g","caption":"planner"},"sameAs":["http:\/\/rv.plannertest.com"]}]}},"_links":{"self":[{"href":"https:\/\/www.principedeviana.com\/en\/wp-json\/wp\/v2\/posts\/12018","targetHints":{"allow":["GET"]}}],"collection":[{"href":"https:\/\/www.principedeviana.com\/en\/wp-json\/wp\/v2\/posts"}],"about":[{"href":"https:\/\/www.principedeviana.com\/en\/wp-json\/wp\/v2\/types\/post"}],"author":[{"embeddable":true,"href":"https:\/\/www.principedeviana.com\/en\/wp-json\/wp\/v2\/users\/1"}],"replies":[{"embeddable":true,"href":"https:\/\/www.principedeviana.com\/en\/wp-json\/wp\/v2\/comments?post=12018"}],"version-history":[{"count":0,"href":"https:\/\/www.principedeviana.com\/en\/wp-json\/wp\/v2\/posts\/12018\/revisions"}],"wp:featuredmedia":[{"embeddable":true,"href":"https:\/\/www.principedeviana.com\/en\/wp-json\/wp\/v2\/media\/12019"}],"wp:attachment":[{"href":"https:\/\/www.principedeviana.com\/en\/wp-json\/wp\/v2\/media?parent=12018"}],"wp:term":[{"taxonomy":"category","embeddable":true,"href":"https:\/\/www.principedeviana.com\/en\/wp-json\/wp\/v2\/categories?post=12018"},{"taxonomy":"post_tag","embeddable":true,"href":"https:\/\/www.principedeviana.com\/en\/wp-json\/wp\/v2\/tags?post=12018"}],"curies":[{"name":"wp","href":"https:\/\/api.w.org\/{rel}","templated":true}]}}