{"id":12024,"date":"2017-12-04T00:00:00","date_gmt":"2017-12-03T23:00:00","guid":{"rendered":"https:\/\/pv.plannertest.com\/principe-de-viana-in-the-media-november-2017\/"},"modified":"2017-12-04T00:00:00","modified_gmt":"2017-12-03T23:00:00","slug":"principe-de-viana-in-the-media-november-2017","status":"publish","type":"post","link":"https:\/\/www.principedeviana.com\/en\/principe-de-viana-in-the-media-november-2017\/","title":{"rendered":"Pr\u00edncipe de Viana in the media \/ November 2017"},"content":{"rendered":"[vc_row row_layout=&#8221;full&#8221; bg_image_position=&#8221;50% 0&#8243; row_spacing=&#8221; top-spacing bottom-spacing&#8221;][vc_column width=&#8221;1\/1&#8243;][vc_accordion][vc_accordion_tab title=&#8221;General media&#8221;][vc_row_inner row_spacing=&#8221; bottom-spacing-min&#8221;][vc_column_inner width=&#8221;1\/2&#8243;][single_image image=&#8221;2921&#8243; image_alignment=&#8221; txt-left&#8221;][\/vc_column_inner][vc_column_inner width=&#8221;1\/2&#8243;][text]\n<h4>PR\u00cdNCIPE DE VIANA<\/h4>\n<h5>SOBREMESA &#8211; November 2017<\/h5>\n<p>Gastronomic magazine highlights Pr\u00edncipe de Viana\u2019s seal as vegan wines by the European Union.[\/text][\/vc_column_inner][\/vc_row_inner][vc_row_inner row_spacing=&#8221; bottom-spacing-min&#8221;][vc_column_inner width=&#8221;1\/2&#8243;][text]\n<h4>PR\u00cdNCIPE DE VIANA<\/h4>\n<h5>Diario de Navarra \/ November 11th, 2017<\/h5>\n<p>Regional journal publishes the news of the great wine dinner organized by renowned Marisol Restaurant and Pr\u00edncipe de Viana wines.[\/text][\/vc_column_inner][vc_column_inner width=&#8221;1\/2&#8243;][single_image image=&#8221;2932&#8243; image_alignment=&#8221; txt-left&#8221;][\/vc_column_inner][\/vc_row_inner][vc_row_inner row_spacing=&#8221; bottom-spacing-min&#8221;][vc_column_inner width=&#8221;1\/2&#8243;][single_image image=&#8221;2931&#8243; image_alignment=&#8221; txt-left&#8221;][\/vc_column_inner][vc_column_inner width=&#8221;1\/2&#8243;][text]\n<h4>PR\u00cdNCIPE DE VIANA<\/h4>\n<h5>LA VOZ DE LA RIBERA \/ November 14h-20th, 2017<\/h5>\n<p>Local journal publishes the news of the great wine dinner organized by renowned Marisol Restaurant and Pr\u00edncipe de Viana wines.[\/text][\/vc_column_inner][\/vc_row_inner][vc_row_inner row_spacing=&#8221; bottom-spacing-min&#8221;][vc_column_inner width=&#8221;1\/2&#8243;][text]\n<h4>PR\u00cdNCIPE DE VIANA<\/h4>\n<h5>DIARIO DE NOTICIAS \/ November 14th, 2017<\/h5>\n<p>Regional journal publishes the news of the great wine dinner organized by renowned Marisol Restaurant and Pr\u00edncipe de Viana wines.[\/text][\/vc_column_inner][vc_column_inner width=&#8221;1\/2&#8243;][single_image image=&#8221;2929&#8243; image_alignment=&#8221; txt-left&#8221;][\/vc_column_inner][\/vc_row_inner][vc_row_inner row_spacing=&#8221; bottom-spacing-min&#8221;][vc_column_inner width=&#8221;1\/2&#8243;][single_image image=&#8221;2930&#8243; image_alignment=&#8221; txt-left&#8221;][\/vc_column_inner][vc_column_inner width=&#8221;1\/2&#8243;][text]\n<h4>PR\u00cdNCIPE DE VIANA<\/h4>\n<h5>DIARIO DE NOTICIAS \/ November 15th, 2017<\/h5>\n<p>Regional journal publishes the news of the great wine dinner organized by renowned Marisol Restaurant and Pr\u00edncipe de Viana wines.[\/text][\/vc_column_inner][\/vc_row_inner][vc_row_inner row_spacing=&#8221; bottom-spacing-min&#8221;][vc_column_inner width=&#8221;1\/2&#8243;][text]\n<h4>PR\u00cdNCIPE DE VIANA<\/h4>\n<h5>DIARIO DE NOTICIAS \/ November 19th, 2017<\/h5>\n<p>Regional journal publishes the news of the great wine dinner organized by renowned Marisol Restaurant and Pr\u00edncipe de Viana wines.[\/text][\/vc_column_inner][vc_column_inner width=&#8221;1\/2&#8243;][single_image image=&#8221;2927&#8243; image_alignment=&#8221; txt-left&#8221;][\/vc_column_inner][\/vc_row_inner][vc_row_inner row_spacing=&#8221; bottom-spacing-min&#8221;][vc_column_inner width=&#8221;1\/2&#8243;][single_image image=&#8221;2928&#8243; image_alignment=&#8221; txt-left&#8221;][\/vc_column_inner][vc_column_inner width=&#8221;1\/2&#8243;][text]\n<h4>PR\u00cdNCIPE DE VIANA<\/h4>\n<h5>DIARIO DE NOTICIAS \/ November 21st, 2017<\/h5>\n<p>Regional journal publishes the news of the great wine dinner organized by renowned Marisol Restaurant and Pr\u00edncipe de Viana wines.[\/text][\/vc_column_inner][\/vc_row_inner][vc_row_inner row_spacing=&#8221; bottom-spacing-min&#8221;][vc_column_inner width=&#8221;1\/2&#8243;][text]\n<h4>PR\u00cdNCIPE DE VIANA CHARDONNAY<\/h4>\n<h5>JANTOUR-EL CORREO \/ November 24th, 2017<\/h5>\n<p>The gastronomy seccion of El Correo newspaper recommends Pr\u00edncipe de Viana Chardonnay as one of the four favourite wines of the week.[\/text][\/vc_column_inner][vc_column_inner width=&#8221;1\/2&#8243;][single_image image=&#8221;2917&#8243; image_alignment=&#8221; txt-left&#8221;][\/vc_column_inner][\/vc_row_inner][vc_row_inner row_spacing=&#8221; bottom-spacing-min&#8221;][vc_column_inner width=&#8221;1\/2&#8243;][single_image image=&#8221;2918&#8243; image_alignment=&#8221; txt-left&#8221;][\/vc_column_inner][vc_column_inner width=&#8221;1\/2&#8243;][text]\n<h4>PR\u00cdNCIPE DE VIANA CHARDONNAY<\/h4>\n<h5>M\u00cdA COCINA \/ November 2017<\/h5>\n<p>The cooking magazine recommends Pr\u00edncipe de Viana Chardonnay as the perfect pairing with a special Christmas recipe.[\/text][\/vc_column_inner][\/vc_row_inner][vc_row_inner row_spacing=&#8221; bottom-spacing-min&#8221;][vc_column_inner width=&#8221;1\/2&#8243;][text]\n<h4>PR\u00cdNCIPE DE VIANA 1423 RESERVA 2012<\/h4>\n<h5>GU\u00cdA ABC \/ November 24th, 2017<\/h5>\n<p>Newspaper ABC\u2019s wine guide selects Pr\u00edncipe de Viana 1423 Reserva 2012 with 91 points.[\/text][\/vc_column_inner][vc_column_inner width=&#8221;1\/2&#8243;][single_image image=&#8221;2933&#8243; image_alignment=&#8221; txt-left&#8221;][\/vc_column_inner][\/vc_row_inner][\/vc_accordion_tab][vc_accordion_tab title=&#8221;Specialized media&#8221;][vc_row_inner row_spacing=&#8221; bottom-spacing-min&#8221;][vc_column_inner width=&#8221;1\/2&#8243;][single_image image=&#8221;2920&#8243;][\/vc_column_inner][vc_column_inner width=&#8221;1\/2&#8243;][text]\n<h4>PR\u00cdNCIPE DE VIANA EDICI\u00d3N ROSA<\/h4>\n<h5>RESTAURADORES \/ November 2017<\/h5>\n<p>The Guide of the Best Wines from Spain published by renowned Restauradores magazine concedes some excellent 89.5 points to Pr\u00edncipe de Viana Edici\u00f3n Rosa.[\/text][\/vc_column_inner][\/vc_row_inner][vc_row_inner row_spacing=&#8221; bottom-spacing-min&#8221;][vc_column_inner width=&#8221;1\/2&#8243;][text]\n<h4>PR\u00cdNCIPE DE VIANA PR\u00cdNCIPE DE VIANA EDICI\u00d3N ROSA<\/h4>\n<h5>MI VINO \/ November 2017<\/h5>\n<p>Wine-specialized magazine includes Pr\u00edncipe de Viana Edici\u00f3n Rosa in a special selection of their three favourite ros\u00e9s of the month.[\/text][\/vc_column_inner][vc_column_inner width=&#8221;1\/2&#8243;][single_image image=&#8221;2919&#8243;][\/vc_column_inner][\/vc_row_inner][\/vc_accordion_tab][\/vc_accordion][\/vc_column][\/vc_row][vc_row][vc_column][\/vc_column][\/vc_row]\n","protected":false},"excerpt":{"rendered":"<p>[vc_row row_layout=&#8221;full&#8221; bg_image_position=&#8221;50% 0&#8243; row_spacing=&#8221; top-spacing bottom-spacing&#8221;][vc_column width=&#8221;1\/1&#8243;][vc_accordion][vc_accordion_tab title=&#8221;General media&#8221;][vc_row_inner row_spacing=&#8221; bottom-spacing-min&#8221;][vc_column_inner width=&#8221;1\/2&#8243;][single_image image=&#8221;2921&#8243; image_alignment=&#8221; txt-left&#8221;][\/vc_column_inner][vc_column_inner width=&#8221;1\/2&#8243;][text] PR\u00cdNCIPE DE VIANA SOBREMESA &#8211; November 2017 Gastronomic magazine highlights Pr\u00edncipe de Viana\u2019s&#8230;<\/p>\n","protected":false},"author":1,"featured_media":12025,"comment_status":"closed","ping_status":"closed","sticky":false,"template":"","format":"standard","meta":{"footnotes":""},"categories":[],"tags":[],"class_list":["post-12024","post","type-post","status-publish","format-standard","has-post-thumbnail"],"yoast_head":"<!-- This site is optimized with the Yoast SEO plugin v26.0 - https:\/\/yoast.com\/wordpress\/plugins\/seo\/ -->\n<title>Pr\u00edncipe de Viana in the media \/ November 2017 - Pr\u00edncipe de Viana<\/title>\n<meta name=\"robots\" content=\"index, follow, max-snippet:-1, max-image-preview:large, max-video-preview:-1\" \/>\n<link rel=\"canonical\" href=\"https:\/\/www.principedeviana.com\/en\/principe-de-viana-in-the-media-november-2017\/\" \/>\n<meta property=\"og:locale\" content=\"en_US\" \/>\n<meta property=\"og:type\" content=\"article\" \/>\n<meta property=\"og:title\" content=\"Pr\u00edncipe de Viana in the media \/ November 2017 - Pr\u00edncipe de Viana\" \/>\n<meta property=\"og:description\" content=\"[vc_row row_layout=&#8221;full&#8221; bg_image_position=&#8221;50% 0&#8243; row_spacing=&#8221; top-spacing bottom-spacing&#8221;][vc_column width=&#8221;1\/1&#8243;][vc_accordion][vc_accordion_tab title=&#8221;General media&#8221;][vc_row_inner row_spacing=&#8221; bottom-spacing-min&#8221;][vc_column_inner width=&#8221;1\/2&#8243;][single_image image=&#8221;2921&#8243; image_alignment=&#8221; txt-left&#8221;][\/vc_column_inner][vc_column_inner width=&#8221;1\/2&#8243;][text] PR\u00cdNCIPE DE VIANA SOBREMESA &#8211; November 2017 Gastronomic magazine highlights Pr\u00edncipe de Viana\u2019s...\" \/>\n<meta property=\"og:url\" content=\"https:\/\/www.principedeviana.com\/en\/principe-de-viana-in-the-media-november-2017\/\" \/>\n<meta property=\"og:site_name\" content=\"Pr\u00edncipe de Viana\" \/>\n<meta property=\"article:published_time\" content=\"2017-12-03T23:00:00+00:00\" \/>\n<meta property=\"og:image\" content=\"https:\/\/www.principedeviana.com\/wp-content\/uploads\/2025\/06\/in-the-media-November-2017.jpg\" \/>\n\t<meta property=\"og:image:width\" content=\"325\" \/>\n\t<meta property=\"og:image:height\" content=\"317\" \/>\n\t<meta property=\"og:image:type\" content=\"image\/jpeg\" \/>\n<meta name=\"author\" content=\"planner\" \/>\n<meta name=\"twitter:card\" content=\"summary_large_image\" \/>\n<meta name=\"twitter:label1\" content=\"Written by\" \/>\n\t<meta name=\"twitter:data1\" content=\"planner\" \/>\n\t<meta name=\"twitter:label2\" content=\"Est. reading time\" \/>\n\t<meta name=\"twitter:data2\" content=\"4 minutes\" \/>\n<script type=\"application\/ld+json\" class=\"yoast-schema-graph\">{\"@context\":\"https:\/\/schema.org\",\"@graph\":[{\"@type\":\"Article\",\"@id\":\"https:\/\/www.principedeviana.com\/en\/principe-de-viana-in-the-media-november-2017\/#article\",\"isPartOf\":{\"@id\":\"https:\/\/www.principedeviana.com\/en\/principe-de-viana-in-the-media-november-2017\/\"},\"author\":{\"name\":\"planner\",\"@id\":\"https:\/\/www.principedeviana.com\/en\/#\/schema\/person\/f123962bc835f802236687e5694dd7f7\"},\"headline\":\"Pr\u00edncipe de Viana in the media \/ November 2017\",\"datePublished\":\"2017-12-03T23:00:00+00:00\",\"mainEntityOfPage\":{\"@id\":\"https:\/\/www.principedeviana.com\/en\/principe-de-viana-in-the-media-november-2017\/\"},\"wordCount\":782,\"publisher\":{\"@id\":\"https:\/\/www.principedeviana.com\/en\/#organization\"},\"image\":{\"@id\":\"https:\/\/www.principedeviana.com\/en\/principe-de-viana-in-the-media-november-2017\/#primaryimage\"},\"thumbnailUrl\":\"https:\/\/www.principedeviana.com\/wp-content\/uploads\/2025\/06\/in-the-media-November-2017.jpg\",\"inLanguage\":\"en-US\"},{\"@type\":\"WebPage\",\"@id\":\"https:\/\/www.principedeviana.com\/en\/principe-de-viana-in-the-media-november-2017\/\",\"url\":\"https:\/\/www.principedeviana.com\/en\/principe-de-viana-in-the-media-november-2017\/\",\"name\":\"Pr\u00edncipe de Viana in the media \/ November 2017 - Pr\u00edncipe de Viana\",\"isPartOf\":{\"@id\":\"https:\/\/www.principedeviana.com\/en\/#website\"},\"primaryImageOfPage\":{\"@id\":\"https:\/\/www.principedeviana.com\/en\/principe-de-viana-in-the-media-november-2017\/#primaryimage\"},\"image\":{\"@id\":\"https:\/\/www.principedeviana.com\/en\/principe-de-viana-in-the-media-november-2017\/#primaryimage\"},\"thumbnailUrl\":\"https:\/\/www.principedeviana.com\/wp-content\/uploads\/2025\/06\/in-the-media-November-2017.jpg\",\"datePublished\":\"2017-12-03T23:00:00+00:00\",\"breadcrumb\":{\"@id\":\"https:\/\/www.principedeviana.com\/en\/principe-de-viana-in-the-media-november-2017\/#breadcrumb\"},\"inLanguage\":\"en-US\",\"potentialAction\":[{\"@type\":\"ReadAction\",\"target\":[\"https:\/\/www.principedeviana.com\/en\/principe-de-viana-in-the-media-november-2017\/\"]}]},{\"@type\":\"ImageObject\",\"inLanguage\":\"en-US\",\"@id\":\"https:\/\/www.principedeviana.com\/en\/principe-de-viana-in-the-media-november-2017\/#primaryimage\",\"url\":\"https:\/\/www.principedeviana.com\/wp-content\/uploads\/2025\/06\/in-the-media-November-2017.jpg\",\"contentUrl\":\"https:\/\/www.principedeviana.com\/wp-content\/uploads\/2025\/06\/in-the-media-November-2017.jpg\",\"width\":325,\"height\":317},{\"@type\":\"BreadcrumbList\",\"@id\":\"https:\/\/www.principedeviana.com\/en\/principe-de-viana-in-the-media-november-2017\/#breadcrumb\",\"itemListElement\":[{\"@type\":\"ListItem\",\"position\":1,\"name\":\"Portada\",\"item\":\"https:\/\/www.principedeviana.com\/en\/\"},{\"@type\":\"ListItem\",\"position\":2,\"name\":\"Pr\u00edncipe de Viana in the media \/ November 2017\"}]},{\"@type\":\"WebSite\",\"@id\":\"https:\/\/www.principedeviana.com\/en\/#website\",\"url\":\"https:\/\/www.principedeviana.com\/en\/\",\"name\":\"Pr\u00edncipe de Viana\",\"description\":\"\",\"publisher\":{\"@id\":\"https:\/\/www.principedeviana.com\/en\/#organization\"},\"potentialAction\":[{\"@type\":\"SearchAction\",\"target\":{\"@type\":\"EntryPoint\",\"urlTemplate\":\"https:\/\/www.principedeviana.com\/en\/?s={search_term_string}\"},\"query-input\":{\"@type\":\"PropertyValueSpecification\",\"valueRequired\":true,\"valueName\":\"search_term_string\"}}],\"inLanguage\":\"en-US\"},{\"@type\":\"Organization\",\"@id\":\"https:\/\/www.principedeviana.com\/en\/#organization\",\"name\":\"Pr\u00edncipe de Viana\",\"url\":\"https:\/\/www.principedeviana.com\/en\/\",\"logo\":{\"@type\":\"ImageObject\",\"inLanguage\":\"en-US\",\"@id\":\"https:\/\/www.principedeviana.com\/en\/#\/schema\/logo\/image\/\",\"url\":\"https:\/\/www.principedeviana.com\/wp-content\/uploads\/2025\/02\/principe-de-viana-color.png\",\"contentUrl\":\"https:\/\/www.principedeviana.com\/wp-content\/uploads\/2025\/02\/principe-de-viana-color.png\",\"width\":216,\"height\":85,\"caption\":\"Pr\u00edncipe de Viana\"},\"image\":{\"@id\":\"https:\/\/www.principedeviana.com\/en\/#\/schema\/logo\/image\/\"}},{\"@type\":\"Person\",\"@id\":\"https:\/\/www.principedeviana.com\/en\/#\/schema\/person\/f123962bc835f802236687e5694dd7f7\",\"name\":\"planner\",\"image\":{\"@type\":\"ImageObject\",\"inLanguage\":\"en-US\",\"@id\":\"https:\/\/www.principedeviana.com\/en\/#\/schema\/person\/image\/\",\"url\":\"https:\/\/secure.gravatar.com\/avatar\/5495a70f2dcf1ab071f76f117f9f4baef2b711d71030b1c6a29190cf4074827f?s=96&d=mm&r=g\",\"contentUrl\":\"https:\/\/secure.gravatar.com\/avatar\/5495a70f2dcf1ab071f76f117f9f4baef2b711d71030b1c6a29190cf4074827f?s=96&d=mm&r=g\",\"caption\":\"planner\"},\"sameAs\":[\"http:\/\/rv.plannertest.com\"]}]}<\/script>\n<!-- \/ Yoast SEO plugin. -->","yoast_head_json":{"title":"Pr\u00edncipe de Viana in the media \/ November 2017 - Pr\u00edncipe de Viana","robots":{"index":"index","follow":"follow","max-snippet":"max-snippet:-1","max-image-preview":"max-image-preview:large","max-video-preview":"max-video-preview:-1"},"canonical":"https:\/\/www.principedeviana.com\/en\/principe-de-viana-in-the-media-november-2017\/","og_locale":"en_US","og_type":"article","og_title":"Pr\u00edncipe de Viana in the media \/ November 2017 - Pr\u00edncipe de Viana","og_description":"[vc_row row_layout=&#8221;full&#8221; bg_image_position=&#8221;50% 0&#8243; row_spacing=&#8221; top-spacing bottom-spacing&#8221;][vc_column width=&#8221;1\/1&#8243;][vc_accordion][vc_accordion_tab title=&#8221;General media&#8221;][vc_row_inner row_spacing=&#8221; bottom-spacing-min&#8221;][vc_column_inner width=&#8221;1\/2&#8243;][single_image image=&#8221;2921&#8243; image_alignment=&#8221; txt-left&#8221;][\/vc_column_inner][vc_column_inner width=&#8221;1\/2&#8243;][text] PR\u00cdNCIPE DE VIANA SOBREMESA &#8211; November 2017 Gastronomic magazine highlights Pr\u00edncipe de Viana\u2019s...","og_url":"https:\/\/www.principedeviana.com\/en\/principe-de-viana-in-the-media-november-2017\/","og_site_name":"Pr\u00edncipe de Viana","article_published_time":"2017-12-03T23:00:00+00:00","og_image":[{"width":325,"height":317,"url":"https:\/\/www.principedeviana.com\/wp-content\/uploads\/2025\/06\/in-the-media-November-2017.jpg","type":"image\/jpeg"}],"author":"planner","twitter_card":"summary_large_image","twitter_misc":{"Written by":"planner","Est. reading time":"4 minutes"},"schema":{"@context":"https:\/\/schema.org","@graph":[{"@type":"Article","@id":"https:\/\/www.principedeviana.com\/en\/principe-de-viana-in-the-media-november-2017\/#article","isPartOf":{"@id":"https:\/\/www.principedeviana.com\/en\/principe-de-viana-in-the-media-november-2017\/"},"author":{"name":"planner","@id":"https:\/\/www.principedeviana.com\/en\/#\/schema\/person\/f123962bc835f802236687e5694dd7f7"},"headline":"Pr\u00edncipe de Viana in the media \/ November 2017","datePublished":"2017-12-03T23:00:00+00:00","mainEntityOfPage":{"@id":"https:\/\/www.principedeviana.com\/en\/principe-de-viana-in-the-media-november-2017\/"},"wordCount":782,"publisher":{"@id":"https:\/\/www.principedeviana.com\/en\/#organization"},"image":{"@id":"https:\/\/www.principedeviana.com\/en\/principe-de-viana-in-the-media-november-2017\/#primaryimage"},"thumbnailUrl":"https:\/\/www.principedeviana.com\/wp-content\/uploads\/2025\/06\/in-the-media-November-2017.jpg","inLanguage":"en-US"},{"@type":"WebPage","@id":"https:\/\/www.principedeviana.com\/en\/principe-de-viana-in-the-media-november-2017\/","url":"https:\/\/www.principedeviana.com\/en\/principe-de-viana-in-the-media-november-2017\/","name":"Pr\u00edncipe de Viana in the media \/ November 2017 - Pr\u00edncipe de Viana","isPartOf":{"@id":"https:\/\/www.principedeviana.com\/en\/#website"},"primaryImageOfPage":{"@id":"https:\/\/www.principedeviana.com\/en\/principe-de-viana-in-the-media-november-2017\/#primaryimage"},"image":{"@id":"https:\/\/www.principedeviana.com\/en\/principe-de-viana-in-the-media-november-2017\/#primaryimage"},"thumbnailUrl":"https:\/\/www.principedeviana.com\/wp-content\/uploads\/2025\/06\/in-the-media-November-2017.jpg","datePublished":"2017-12-03T23:00:00+00:00","breadcrumb":{"@id":"https:\/\/www.principedeviana.com\/en\/principe-de-viana-in-the-media-november-2017\/#breadcrumb"},"inLanguage":"en-US","potentialAction":[{"@type":"ReadAction","target":["https:\/\/www.principedeviana.com\/en\/principe-de-viana-in-the-media-november-2017\/"]}]},{"@type":"ImageObject","inLanguage":"en-US","@id":"https:\/\/www.principedeviana.com\/en\/principe-de-viana-in-the-media-november-2017\/#primaryimage","url":"https:\/\/www.principedeviana.com\/wp-content\/uploads\/2025\/06\/in-the-media-November-2017.jpg","contentUrl":"https:\/\/www.principedeviana.com\/wp-content\/uploads\/2025\/06\/in-the-media-November-2017.jpg","width":325,"height":317},{"@type":"BreadcrumbList","@id":"https:\/\/www.principedeviana.com\/en\/principe-de-viana-in-the-media-november-2017\/#breadcrumb","itemListElement":[{"@type":"ListItem","position":1,"name":"Portada","item":"https:\/\/www.principedeviana.com\/en\/"},{"@type":"ListItem","position":2,"name":"Pr\u00edncipe de Viana in the media \/ November 2017"}]},{"@type":"WebSite","@id":"https:\/\/www.principedeviana.com\/en\/#website","url":"https:\/\/www.principedeviana.com\/en\/","name":"Pr\u00edncipe de Viana","description":"","publisher":{"@id":"https:\/\/www.principedeviana.com\/en\/#organization"},"potentialAction":[{"@type":"SearchAction","target":{"@type":"EntryPoint","urlTemplate":"https:\/\/www.principedeviana.com\/en\/?s={search_term_string}"},"query-input":{"@type":"PropertyValueSpecification","valueRequired":true,"valueName":"search_term_string"}}],"inLanguage":"en-US"},{"@type":"Organization","@id":"https:\/\/www.principedeviana.com\/en\/#organization","name":"Pr\u00edncipe de Viana","url":"https:\/\/www.principedeviana.com\/en\/","logo":{"@type":"ImageObject","inLanguage":"en-US","@id":"https:\/\/www.principedeviana.com\/en\/#\/schema\/logo\/image\/","url":"https:\/\/www.principedeviana.com\/wp-content\/uploads\/2025\/02\/principe-de-viana-color.png","contentUrl":"https:\/\/www.principedeviana.com\/wp-content\/uploads\/2025\/02\/principe-de-viana-color.png","width":216,"height":85,"caption":"Pr\u00edncipe de Viana"},"image":{"@id":"https:\/\/www.principedeviana.com\/en\/#\/schema\/logo\/image\/"}},{"@type":"Person","@id":"https:\/\/www.principedeviana.com\/en\/#\/schema\/person\/f123962bc835f802236687e5694dd7f7","name":"planner","image":{"@type":"ImageObject","inLanguage":"en-US","@id":"https:\/\/www.principedeviana.com\/en\/#\/schema\/person\/image\/","url":"https:\/\/secure.gravatar.com\/avatar\/5495a70f2dcf1ab071f76f117f9f4baef2b711d71030b1c6a29190cf4074827f?s=96&d=mm&r=g","contentUrl":"https:\/\/secure.gravatar.com\/avatar\/5495a70f2dcf1ab071f76f117f9f4baef2b711d71030b1c6a29190cf4074827f?s=96&d=mm&r=g","caption":"planner"},"sameAs":["http:\/\/rv.plannertest.com"]}]}},"_links":{"self":[{"href":"https:\/\/www.principedeviana.com\/en\/wp-json\/wp\/v2\/posts\/12024","targetHints":{"allow":["GET"]}}],"collection":[{"href":"https:\/\/www.principedeviana.com\/en\/wp-json\/wp\/v2\/posts"}],"about":[{"href":"https:\/\/www.principedeviana.com\/en\/wp-json\/wp\/v2\/types\/post"}],"author":[{"embeddable":true,"href":"https:\/\/www.principedeviana.com\/en\/wp-json\/wp\/v2\/users\/1"}],"replies":[{"embeddable":true,"href":"https:\/\/www.principedeviana.com\/en\/wp-json\/wp\/v2\/comments?post=12024"}],"version-history":[{"count":0,"href":"https:\/\/www.principedeviana.com\/en\/wp-json\/wp\/v2\/posts\/12024\/revisions"}],"wp:featuredmedia":[{"embeddable":true,"href":"https:\/\/www.principedeviana.com\/en\/wp-json\/wp\/v2\/media\/12025"}],"wp:attachment":[{"href":"https:\/\/www.principedeviana.com\/en\/wp-json\/wp\/v2\/media?parent=12024"}],"wp:term":[{"taxonomy":"category","embeddable":true,"href":"https:\/\/www.principedeviana.com\/en\/wp-json\/wp\/v2\/categories?post=12024"},{"taxonomy":"post_tag","embeddable":true,"href":"https:\/\/www.principedeviana.com\/en\/wp-json\/wp\/v2\/tags?post=12024"}],"curies":[{"name":"wp","href":"https:\/\/api.w.org\/{rel}","templated":true}]}}