{"id":12054,"date":"2018-05-04T00:00:00","date_gmt":"2018-05-03T22:00:00","guid":{"rendered":"https:\/\/pv.plannertest.com\/principe-de-viana-launches-organic-garnacha-tinta-wine\/"},"modified":"2018-05-04T00:00:00","modified_gmt":"2018-05-03T22:00:00","slug":"principe-de-viana-launches-organic-garnacha-tinta-wine","status":"publish","type":"post","link":"https:\/\/www.principedeviana.com\/en\/principe-de-viana-launches-organic-garnacha-tinta-wine\/","title":{"rendered":"Pr\u00edncipe de Viana launches ORGANIC Garnacha Tinta wine"},"content":{"rendered":"[vc_row row_spacing=&#8221; no-spacing&#8221;][vc_column width=&#8221;1\/1&#8243;][text]\n<p style=\"text-align: justify;\">May 8th, 2018. Bodegas Pr\u00edncipe de Viana launch their first ORGANIC wine from Garnacha Tinta grapes.<\/p>\n<p style=\"text-align: justify;\">Last year, Pr\u00edncipe de Viana\u2019s wines experienced a giant leap towards the recognition of their natural origin. The European Union\u2019s seal Suitable for Vegans was the first confirmation to arrive. Consumers following a vegan diet can rest assured that every Pr\u00edncipe de Viana wine adapts to their lifestyle.<\/p>\n<p style=\"text-align: justify;\">Early Spring 2018 brought the launch of the first organic Garnacha Blanca of the 2017 vintage which today is finally joined by an ORGANIC GARNACHA TINTA Pr\u00edncipe de Viana wine.<\/p>\n<p style=\"text-align: justify;\">Leader of sales and export of wines with denomination of origin in Navarra, since its foundation in 1983 Bodegas Pr\u00edncipe de Viana has tried to respond to the demands of a society increasingly concerned to combine both pleasure and health.<\/p>\n<p style=\"text-align: justify;\">With the Garnacha Tinto Ecol\u00f3gico, Pr\u00edncipe de Viana offers the solution that so many of us urge from current wines: 100% natural, terroir-driven wines with a pure natural origin, from vineyards managed with the greatest respect for the environment, the fields, rivers and forests that surround them, as the only genuine source of any product.<\/p>\n<p style=\"text-align: justify;\">The constant attention to this premise makes Pr\u00edncipe de Viana Garnacha Tinto Ecol\u00f3gico possible, a delight of a wine with all the flavour and intense aromas of red and stone fruits, such as peaches, enhanced by the short ageing in oak barrels to donate complexity and structure while maintaining the typical notes of fresh fruit of the Garnacha Tinta.<\/p>\n<p style=\"text-align: justify;\">A strong commitment to quality is the key to this and all of Pr\u00edncipe de Viana wines and has marked the path of the Navarra cellar over the years. Awards from the most reputed names and contests have recognized Bodegas Pr\u00edncipe de Viana efforts. Gu\u00eda Pe\u00f1\u00edn, the American magazine International Wine Cellar, or The Wine Advocate (Robert Parker) are only some of the experts who have acknowledged Pr\u00edncipe de Viana\u2019s philosophy.<\/p>\n<p>&nbsp;<\/p>\n<p><a href=\"http:\/\/www.principedeviana.com\/media\/New-ORGANIC-GARNACHA-TINTO-from-Pr\u00edncipe-de-Viana-_May-2018.pdf\" target=\"_blank\">Descargar<\/a>[\/text][\/vc_column][\/vc_row]\n","protected":false},"excerpt":{"rendered":"<p>[vc_row row_spacing=&#8221; no-spacing&#8221;][vc_column width=&#8221;1\/1&#8243;][text] May 8th, 2018. Bodegas Pr\u00edncipe de Viana launch their first ORGANIC wine from Garnacha Tinta grapes. Last year, Pr\u00edncipe de Viana\u2019s wines experienced a giant leap&#8230;<\/p>\n","protected":false},"author":1,"featured_media":12055,"comment_status":"closed","ping_status":"closed","sticky":false,"template":"","format":"standard","meta":{"footnotes":""},"categories":[],"tags":[],"class_list":["post-12054","post","type-post","status-publish","format-standard","has-post-thumbnail"],"yoast_head":"<!-- This site is optimized with the Yoast SEO plugin v26.0 - https:\/\/yoast.com\/wordpress\/plugins\/seo\/ -->\n<title>Pr\u00edncipe de Viana launches ORGANIC Garnacha Tinta wine - Pr\u00edncipe de Viana<\/title>\n<meta name=\"robots\" content=\"index, follow, max-snippet:-1, max-image-preview:large, max-video-preview:-1\" \/>\n<link rel=\"canonical\" href=\"https:\/\/www.principedeviana.com\/en\/principe-de-viana-launches-organic-garnacha-tinta-wine\/\" \/>\n<meta property=\"og:locale\" content=\"en_US\" \/>\n<meta property=\"og:type\" content=\"article\" \/>\n<meta property=\"og:title\" content=\"Pr\u00edncipe de Viana launches ORGANIC Garnacha Tinta wine - Pr\u00edncipe de Viana\" \/>\n<meta property=\"og:description\" content=\"[vc_row row_spacing=&#8221; no-spacing&#8221;][vc_column width=&#8221;1\/1&#8243;][text] May 8th, 2018. Bodegas Pr\u00edncipe de Viana launch their first ORGANIC wine from Garnacha Tinta grapes. Last year, Pr\u00edncipe de Viana\u2019s wines experienced a giant leap...\" \/>\n<meta property=\"og:url\" content=\"https:\/\/www.principedeviana.com\/en\/principe-de-viana-launches-organic-garnacha-tinta-wine\/\" \/>\n<meta property=\"og:site_name\" content=\"Pr\u00edncipe de Viana\" \/>\n<meta property=\"article:published_time\" content=\"2018-05-03T22:00:00+00:00\" \/>\n<meta property=\"og:image\" content=\"https:\/\/www.principedeviana.com\/wp-content\/uploads\/2025\/06\/PV-GARN-TINTA-ECOLOG-grande-ingles.jpg\" \/>\n\t<meta property=\"og:image:width\" content=\"800\" \/>\n\t<meta property=\"og:image:height\" content=\"800\" \/>\n\t<meta property=\"og:image:type\" content=\"image\/jpeg\" \/>\n<meta name=\"author\" content=\"planner\" \/>\n<meta name=\"twitter:card\" content=\"summary_large_image\" \/>\n<meta name=\"twitter:label1\" content=\"Written by\" \/>\n\t<meta name=\"twitter:data1\" content=\"planner\" \/>\n\t<meta name=\"twitter:label2\" content=\"Est. reading time\" \/>\n\t<meta name=\"twitter:data2\" content=\"2 minutes\" \/>\n<script type=\"application\/ld+json\" class=\"yoast-schema-graph\">{\"@context\":\"https:\/\/schema.org\",\"@graph\":[{\"@type\":\"Article\",\"@id\":\"https:\/\/www.principedeviana.com\/en\/principe-de-viana-launches-organic-garnacha-tinta-wine\/#article\",\"isPartOf\":{\"@id\":\"https:\/\/www.principedeviana.com\/en\/principe-de-viana-launches-organic-garnacha-tinta-wine\/\"},\"author\":{\"name\":\"planner\",\"@id\":\"https:\/\/www.principedeviana.com\/en\/#\/schema\/person\/f123962bc835f802236687e5694dd7f7\"},\"headline\":\"Pr\u00edncipe de Viana launches ORGANIC Garnacha Tinta wine\",\"datePublished\":\"2018-05-03T22:00:00+00:00\",\"mainEntityOfPage\":{\"@id\":\"https:\/\/www.principedeviana.com\/en\/principe-de-viana-launches-organic-garnacha-tinta-wine\/\"},\"wordCount\":356,\"publisher\":{\"@id\":\"https:\/\/www.principedeviana.com\/en\/#organization\"},\"image\":{\"@id\":\"https:\/\/www.principedeviana.com\/en\/principe-de-viana-launches-organic-garnacha-tinta-wine\/#primaryimage\"},\"thumbnailUrl\":\"https:\/\/www.principedeviana.com\/wp-content\/uploads\/2025\/06\/PV-GARN-TINTA-ECOLOG-grande-ingles.jpg\",\"inLanguage\":\"en-US\"},{\"@type\":\"WebPage\",\"@id\":\"https:\/\/www.principedeviana.com\/en\/principe-de-viana-launches-organic-garnacha-tinta-wine\/\",\"url\":\"https:\/\/www.principedeviana.com\/en\/principe-de-viana-launches-organic-garnacha-tinta-wine\/\",\"name\":\"Pr\u00edncipe de Viana launches ORGANIC Garnacha Tinta wine - Pr\u00edncipe de Viana\",\"isPartOf\":{\"@id\":\"https:\/\/www.principedeviana.com\/en\/#website\"},\"primaryImageOfPage\":{\"@id\":\"https:\/\/www.principedeviana.com\/en\/principe-de-viana-launches-organic-garnacha-tinta-wine\/#primaryimage\"},\"image\":{\"@id\":\"https:\/\/www.principedeviana.com\/en\/principe-de-viana-launches-organic-garnacha-tinta-wine\/#primaryimage\"},\"thumbnailUrl\":\"https:\/\/www.principedeviana.com\/wp-content\/uploads\/2025\/06\/PV-GARN-TINTA-ECOLOG-grande-ingles.jpg\",\"datePublished\":\"2018-05-03T22:00:00+00:00\",\"breadcrumb\":{\"@id\":\"https:\/\/www.principedeviana.com\/en\/principe-de-viana-launches-organic-garnacha-tinta-wine\/#breadcrumb\"},\"inLanguage\":\"en-US\",\"potentialAction\":[{\"@type\":\"ReadAction\",\"target\":[\"https:\/\/www.principedeviana.com\/en\/principe-de-viana-launches-organic-garnacha-tinta-wine\/\"]}]},{\"@type\":\"ImageObject\",\"inLanguage\":\"en-US\",\"@id\":\"https:\/\/www.principedeviana.com\/en\/principe-de-viana-launches-organic-garnacha-tinta-wine\/#primaryimage\",\"url\":\"https:\/\/www.principedeviana.com\/wp-content\/uploads\/2025\/06\/PV-GARN-TINTA-ECOLOG-grande-ingles.jpg\",\"contentUrl\":\"https:\/\/www.principedeviana.com\/wp-content\/uploads\/2025\/06\/PV-GARN-TINTA-ECOLOG-grande-ingles.jpg\",\"width\":800,\"height\":800},{\"@type\":\"BreadcrumbList\",\"@id\":\"https:\/\/www.principedeviana.com\/en\/principe-de-viana-launches-organic-garnacha-tinta-wine\/#breadcrumb\",\"itemListElement\":[{\"@type\":\"ListItem\",\"position\":1,\"name\":\"Portada\",\"item\":\"https:\/\/www.principedeviana.com\/en\/\"},{\"@type\":\"ListItem\",\"position\":2,\"name\":\"Pr\u00edncipe de Viana launches ORGANIC Garnacha Tinta wine\"}]},{\"@type\":\"WebSite\",\"@id\":\"https:\/\/www.principedeviana.com\/en\/#website\",\"url\":\"https:\/\/www.principedeviana.com\/en\/\",\"name\":\"Pr\u00edncipe de Viana\",\"description\":\"\",\"publisher\":{\"@id\":\"https:\/\/www.principedeviana.com\/en\/#organization\"},\"potentialAction\":[{\"@type\":\"SearchAction\",\"target\":{\"@type\":\"EntryPoint\",\"urlTemplate\":\"https:\/\/www.principedeviana.com\/en\/?s={search_term_string}\"},\"query-input\":{\"@type\":\"PropertyValueSpecification\",\"valueRequired\":true,\"valueName\":\"search_term_string\"}}],\"inLanguage\":\"en-US\"},{\"@type\":\"Organization\",\"@id\":\"https:\/\/www.principedeviana.com\/en\/#organization\",\"name\":\"Pr\u00edncipe de Viana\",\"url\":\"https:\/\/www.principedeviana.com\/en\/\",\"logo\":{\"@type\":\"ImageObject\",\"inLanguage\":\"en-US\",\"@id\":\"https:\/\/www.principedeviana.com\/en\/#\/schema\/logo\/image\/\",\"url\":\"https:\/\/www.principedeviana.com\/wp-content\/uploads\/2025\/02\/principe-de-viana-color.png\",\"contentUrl\":\"https:\/\/www.principedeviana.com\/wp-content\/uploads\/2025\/02\/principe-de-viana-color.png\",\"width\":216,\"height\":85,\"caption\":\"Pr\u00edncipe de Viana\"},\"image\":{\"@id\":\"https:\/\/www.principedeviana.com\/en\/#\/schema\/logo\/image\/\"}},{\"@type\":\"Person\",\"@id\":\"https:\/\/www.principedeviana.com\/en\/#\/schema\/person\/f123962bc835f802236687e5694dd7f7\",\"name\":\"planner\",\"image\":{\"@type\":\"ImageObject\",\"inLanguage\":\"en-US\",\"@id\":\"https:\/\/www.principedeviana.com\/en\/#\/schema\/person\/image\/\",\"url\":\"https:\/\/secure.gravatar.com\/avatar\/5495a70f2dcf1ab071f76f117f9f4baef2b711d71030b1c6a29190cf4074827f?s=96&d=mm&r=g\",\"contentUrl\":\"https:\/\/secure.gravatar.com\/avatar\/5495a70f2dcf1ab071f76f117f9f4baef2b711d71030b1c6a29190cf4074827f?s=96&d=mm&r=g\",\"caption\":\"planner\"},\"sameAs\":[\"http:\/\/rv.plannertest.com\"]}]}<\/script>\n<!-- \/ Yoast SEO plugin. -->","yoast_head_json":{"title":"Pr\u00edncipe de Viana launches ORGANIC Garnacha Tinta wine - Pr\u00edncipe de Viana","robots":{"index":"index","follow":"follow","max-snippet":"max-snippet:-1","max-image-preview":"max-image-preview:large","max-video-preview":"max-video-preview:-1"},"canonical":"https:\/\/www.principedeviana.com\/en\/principe-de-viana-launches-organic-garnacha-tinta-wine\/","og_locale":"en_US","og_type":"article","og_title":"Pr\u00edncipe de Viana launches ORGANIC Garnacha Tinta wine - Pr\u00edncipe de Viana","og_description":"[vc_row row_spacing=&#8221; no-spacing&#8221;][vc_column width=&#8221;1\/1&#8243;][text] May 8th, 2018. Bodegas Pr\u00edncipe de Viana launch their first ORGANIC wine from Garnacha Tinta grapes. Last year, Pr\u00edncipe de Viana\u2019s wines experienced a giant leap...","og_url":"https:\/\/www.principedeviana.com\/en\/principe-de-viana-launches-organic-garnacha-tinta-wine\/","og_site_name":"Pr\u00edncipe de Viana","article_published_time":"2018-05-03T22:00:00+00:00","og_image":[{"width":800,"height":800,"url":"https:\/\/www.principedeviana.com\/wp-content\/uploads\/2025\/06\/PV-GARN-TINTA-ECOLOG-grande-ingles.jpg","type":"image\/jpeg"}],"author":"planner","twitter_card":"summary_large_image","twitter_misc":{"Written by":"planner","Est. reading time":"2 minutes"},"schema":{"@context":"https:\/\/schema.org","@graph":[{"@type":"Article","@id":"https:\/\/www.principedeviana.com\/en\/principe-de-viana-launches-organic-garnacha-tinta-wine\/#article","isPartOf":{"@id":"https:\/\/www.principedeviana.com\/en\/principe-de-viana-launches-organic-garnacha-tinta-wine\/"},"author":{"name":"planner","@id":"https:\/\/www.principedeviana.com\/en\/#\/schema\/person\/f123962bc835f802236687e5694dd7f7"},"headline":"Pr\u00edncipe de Viana launches ORGANIC Garnacha Tinta wine","datePublished":"2018-05-03T22:00:00+00:00","mainEntityOfPage":{"@id":"https:\/\/www.principedeviana.com\/en\/principe-de-viana-launches-organic-garnacha-tinta-wine\/"},"wordCount":356,"publisher":{"@id":"https:\/\/www.principedeviana.com\/en\/#organization"},"image":{"@id":"https:\/\/www.principedeviana.com\/en\/principe-de-viana-launches-organic-garnacha-tinta-wine\/#primaryimage"},"thumbnailUrl":"https:\/\/www.principedeviana.com\/wp-content\/uploads\/2025\/06\/PV-GARN-TINTA-ECOLOG-grande-ingles.jpg","inLanguage":"en-US"},{"@type":"WebPage","@id":"https:\/\/www.principedeviana.com\/en\/principe-de-viana-launches-organic-garnacha-tinta-wine\/","url":"https:\/\/www.principedeviana.com\/en\/principe-de-viana-launches-organic-garnacha-tinta-wine\/","name":"Pr\u00edncipe de Viana launches ORGANIC Garnacha Tinta wine - Pr\u00edncipe de Viana","isPartOf":{"@id":"https:\/\/www.principedeviana.com\/en\/#website"},"primaryImageOfPage":{"@id":"https:\/\/www.principedeviana.com\/en\/principe-de-viana-launches-organic-garnacha-tinta-wine\/#primaryimage"},"image":{"@id":"https:\/\/www.principedeviana.com\/en\/principe-de-viana-launches-organic-garnacha-tinta-wine\/#primaryimage"},"thumbnailUrl":"https:\/\/www.principedeviana.com\/wp-content\/uploads\/2025\/06\/PV-GARN-TINTA-ECOLOG-grande-ingles.jpg","datePublished":"2018-05-03T22:00:00+00:00","breadcrumb":{"@id":"https:\/\/www.principedeviana.com\/en\/principe-de-viana-launches-organic-garnacha-tinta-wine\/#breadcrumb"},"inLanguage":"en-US","potentialAction":[{"@type":"ReadAction","target":["https:\/\/www.principedeviana.com\/en\/principe-de-viana-launches-organic-garnacha-tinta-wine\/"]}]},{"@type":"ImageObject","inLanguage":"en-US","@id":"https:\/\/www.principedeviana.com\/en\/principe-de-viana-launches-organic-garnacha-tinta-wine\/#primaryimage","url":"https:\/\/www.principedeviana.com\/wp-content\/uploads\/2025\/06\/PV-GARN-TINTA-ECOLOG-grande-ingles.jpg","contentUrl":"https:\/\/www.principedeviana.com\/wp-content\/uploads\/2025\/06\/PV-GARN-TINTA-ECOLOG-grande-ingles.jpg","width":800,"height":800},{"@type":"BreadcrumbList","@id":"https:\/\/www.principedeviana.com\/en\/principe-de-viana-launches-organic-garnacha-tinta-wine\/#breadcrumb","itemListElement":[{"@type":"ListItem","position":1,"name":"Portada","item":"https:\/\/www.principedeviana.com\/en\/"},{"@type":"ListItem","position":2,"name":"Pr\u00edncipe de Viana launches ORGANIC Garnacha Tinta wine"}]},{"@type":"WebSite","@id":"https:\/\/www.principedeviana.com\/en\/#website","url":"https:\/\/www.principedeviana.com\/en\/","name":"Pr\u00edncipe de Viana","description":"","publisher":{"@id":"https:\/\/www.principedeviana.com\/en\/#organization"},"potentialAction":[{"@type":"SearchAction","target":{"@type":"EntryPoint","urlTemplate":"https:\/\/www.principedeviana.com\/en\/?s={search_term_string}"},"query-input":{"@type":"PropertyValueSpecification","valueRequired":true,"valueName":"search_term_string"}}],"inLanguage":"en-US"},{"@type":"Organization","@id":"https:\/\/www.principedeviana.com\/en\/#organization","name":"Pr\u00edncipe de Viana","url":"https:\/\/www.principedeviana.com\/en\/","logo":{"@type":"ImageObject","inLanguage":"en-US","@id":"https:\/\/www.principedeviana.com\/en\/#\/schema\/logo\/image\/","url":"https:\/\/www.principedeviana.com\/wp-content\/uploads\/2025\/02\/principe-de-viana-color.png","contentUrl":"https:\/\/www.principedeviana.com\/wp-content\/uploads\/2025\/02\/principe-de-viana-color.png","width":216,"height":85,"caption":"Pr\u00edncipe de Viana"},"image":{"@id":"https:\/\/www.principedeviana.com\/en\/#\/schema\/logo\/image\/"}},{"@type":"Person","@id":"https:\/\/www.principedeviana.com\/en\/#\/schema\/person\/f123962bc835f802236687e5694dd7f7","name":"planner","image":{"@type":"ImageObject","inLanguage":"en-US","@id":"https:\/\/www.principedeviana.com\/en\/#\/schema\/person\/image\/","url":"https:\/\/secure.gravatar.com\/avatar\/5495a70f2dcf1ab071f76f117f9f4baef2b711d71030b1c6a29190cf4074827f?s=96&d=mm&r=g","contentUrl":"https:\/\/secure.gravatar.com\/avatar\/5495a70f2dcf1ab071f76f117f9f4baef2b711d71030b1c6a29190cf4074827f?s=96&d=mm&r=g","caption":"planner"},"sameAs":["http:\/\/rv.plannertest.com"]}]}},"_links":{"self":[{"href":"https:\/\/www.principedeviana.com\/en\/wp-json\/wp\/v2\/posts\/12054","targetHints":{"allow":["GET"]}}],"collection":[{"href":"https:\/\/www.principedeviana.com\/en\/wp-json\/wp\/v2\/posts"}],"about":[{"href":"https:\/\/www.principedeviana.com\/en\/wp-json\/wp\/v2\/types\/post"}],"author":[{"embeddable":true,"href":"https:\/\/www.principedeviana.com\/en\/wp-json\/wp\/v2\/users\/1"}],"replies":[{"embeddable":true,"href":"https:\/\/www.principedeviana.com\/en\/wp-json\/wp\/v2\/comments?post=12054"}],"version-history":[{"count":0,"href":"https:\/\/www.principedeviana.com\/en\/wp-json\/wp\/v2\/posts\/12054\/revisions"}],"wp:featuredmedia":[{"embeddable":true,"href":"https:\/\/www.principedeviana.com\/en\/wp-json\/wp\/v2\/media\/12055"}],"wp:attachment":[{"href":"https:\/\/www.principedeviana.com\/en\/wp-json\/wp\/v2\/media?parent=12054"}],"wp:term":[{"taxonomy":"category","embeddable":true,"href":"https:\/\/www.principedeviana.com\/en\/wp-json\/wp\/v2\/categories?post=12054"},{"taxonomy":"post_tag","embeddable":true,"href":"https:\/\/www.principedeviana.com\/en\/wp-json\/wp\/v2\/tags?post=12054"}],"curies":[{"name":"wp","href":"https:\/\/api.w.org\/{rel}","templated":true}]}}